{"id":12197,"date":"2026-09-05T12:49:06","date_gmt":"2026-09-05T09:49:06","guid":{"rendered":"https:\/\/ort.fi\/turku\/?p=12197"},"modified":"2026-09-05T12:49:15","modified_gmt":"2026-09-05T09:49:15","slug":"syksyn-ensimmaisessa-seurakuntaluennossa-puhutaan-rahasta","status":"publish","type":"post","link":"https:\/\/ort.fi\/turku\/2026\/09\/05\/syksyn-ensimmaisessa-seurakuntaluennossa-puhutaan-rahasta\/","title":{"rendered":"Syksyn ensimm\u00e4isess\u00e4 seurakuntaluennossa puhutaan rahasta"},"content":{"rendered":"\n<p class=\"wp-block-paragraph\">Mihin kirkollisveroa tarvitaan? Paljonko maksan kirkollisveroa? Muun muassa n\u00e4ihin kysymyksiin vastataan kirkollisveroa ja seurakunnan taloutta k\u00e4sittelev\u00e4ss\u00e4 illassa keskiviikkona 9.9. klo 18. Aihetta alustaa kirkkoherra Ioannis Lampropoulos.<\/p>\n\n\n\n<p class=\"wp-block-paragraph\">Paikka: Aleksandra-sali, Yliopistonkatu 19 B 3, Turku.<\/p>\n\n\n\n<p class=\"wp-block-paragraph\">Seurakuntaluennot j\u00e4rjestet\u00e4\u00e4n Aleksandran kahvilan yhteydess\u00e4.<\/p>\n\n\n\n<p class=\"wp-block-paragraph\">Tulevat luennot: Ke 7.10. Rovasti Andrei Verikov, &#8221;Pappi auttajana ja sielunhoitajana. Mik\u00e4 on papin rooli ihmisen el\u00e4m\u00e4ss\u00e4?&#8221; ja Ke 4.11.<br>Yliopistonlehtori Harri Huovinen, Kirkon j\u00e4senyys: mit\u00e4 se oikeasti tarkoittaa ja onko sellainen mahdollista?<\/p>\n","protected":false},"excerpt":{"rendered":"<p>Mihin kirkollisveroa tarvitaan? Paljonko maksan kirkollisveroa? Muun muassa n\u00e4ihin kysymyksiin vastataan kirkollisveroa ja seurakunnan taloutta k\u00e4sittelev\u00e4ss\u00e4 illassa keskiviikkona 9.9. klo 18. Aihetta alustaa kirkkoherra Ioannis Lampropoulos. Paikka: Aleksandra-sali, Yliopistonkatu 19 B 3, Turku. Seurakuntaluennot j\u00e4rjestet\u00e4\u00e4n Aleksandran kahvilan yhteydess\u00e4. Tulevat luennot: Ke 7.10. Rovasti Andrei Verikov, &#8221;Pappi auttajana ja sielunhoitajana. Mik\u00e4 on papin rooli ihmisen el\u00e4m\u00e4ss\u00e4?&#8221;&hellip; <a class=\"continue\" href=\"https:\/\/ort.fi\/turku\/2026\/09\/05\/syksyn-ensimmaisessa-seurakuntaluennossa-puhutaan-rahasta\/\">Continue Reading<span> Syksyn ensimm\u00e4isess\u00e4 seurakuntaluennossa puhutaan rahasta<\/span><\/a><\/p>\n","protected":false},"author":11,"featured_media":12199,"comment_status":"closed","ping_status":"closed","sticky":false,"template":"","format":"standard","meta":{"slim_seo":{"title":"Syksyn ensimm\u00e4isess\u00e4 seurakuntaluennossa puhutaan rahasta - Turun ortodoksinen seurakunta","description":"Mihin kirkollisveroa tarvitaan? Paljonko maksan kirkollisveroa? Muun muassa n\u00e4ihin kysymyksiin vastataan kirkollisveroa ja seurakunnan taloutta k\u00e4sittelev\u00e4ss\u00e4 i"},"_slim_seo_primary_term_category":23,"_slim_seo_primary_term_post_tag":0,"footnotes":""},"categories":[23],"tags":[],"class_list":["post-12197","post","type-post","status-publish","format-standard","has-post-thumbnail","hentry","category-lang-fi"],"_links":{"self":[{"href":"https:\/\/ort.fi\/turku\/wp-json\/wp\/v2\/posts\/12197","targetHints":{"allow":["GET"]}}],"collection":[{"href":"https:\/\/ort.fi\/turku\/wp-json\/wp\/v2\/posts"}],"about":[{"href":"https:\/\/ort.fi\/turku\/wp-json\/wp\/v2\/types\/post"}],"author":[{"embeddable":true,"href":"https:\/\/ort.fi\/turku\/wp-json\/wp\/v2\/users\/11"}],"replies":[{"embeddable":true,"href":"https:\/\/ort.fi\/turku\/wp-json\/wp\/v2\/comments?post=12197"}],"version-history":[{"count":1,"href":"https:\/\/ort.fi\/turku\/wp-json\/wp\/v2\/posts\/12197\/revisions"}],"predecessor-version":[{"id":12201,"href":"https:\/\/ort.fi\/turku\/wp-json\/wp\/v2\/posts\/12197\/revisions\/12201"}],"wp:featuredmedia":[{"embeddable":true,"href":"https:\/\/ort.fi\/turku\/wp-json\/wp\/v2\/media\/12199"}],"wp:attachment":[{"href":"https:\/\/ort.fi\/turku\/wp-json\/wp\/v2\/media?parent=12197"}],"wp:term":[{"taxonomy":"category","embeddable":true,"href":"https:\/\/ort.fi\/turku\/wp-json\/wp\/v2\/categories?post=12197"},{"taxonomy":"post_tag","embeddable":true,"href":"https:\/\/ort.fi\/turku\/wp-json\/wp\/v2\/tags?post=12197"}],"curies":[{"name":"wp","href":"https:\/\/api.w.org\/{rel}","templated":true}]}}