{"id":12095,"date":"2026-08-31T17:00:00","date_gmt":"2026-08-31T14:00:00","guid":{"rendered":"https:\/\/ort.fi\/turku\/?p=12095"},"modified":"2026-08-31T17:11:55","modified_gmt":"2026-08-31T14:11:55","slug":"mina-ja-matkani-ortodoksiseen-kirkkoon","status":"publish","type":"post","link":"https:\/\/ort.fi\/turku\/2026\/08\/31\/mina-ja-matkani-ortodoksiseen-kirkkoon\/","title":{"rendered":"Min\u00e4 ja matkani ortodoksiseen kirkkoon\u00a0\u00a0"},"content":{"rendered":"\n<p class=\"wp-block-paragraph\">Taustaltani olen entinen evankelisluterilaisen kirkon j\u00e4sen. T\u00e4t\u00e4 nyky\u00e4 tuore ortodoksikirkon j\u00e4sen, liitetty tammikuussa 2026. Olen ollut hieman yli 50 vuotta evankelisluterilaisen kirkon j\u00e4sen, mutta perheeni ei ollut mitenk\u00e4\u00e4n uskonnollinen. Pakolliset rippikoulu, h\u00e4\u00e4t, hautajaiset -tyyppinen l\u00e4hestyminen. Minua paremmin tuntematta olisi voinut luulla ateistiksi. Oma matkani kirkon vaihtoon on ollut pitk\u00e4 ja mutkikas polku kuljettavaksi. Alkaen vuoden 2010 esikoiseni 4 p\u00e4iv\u00e4\u00e4 kest\u00e4neest\u00e4 el\u00e4m\u00e4npolusta. Sen takia v\u00e4lit poikki \u201dyl\u00e4kertaan\u201d ajatuksen kanssa tytt\u00e4ren syntym\u00e4n kautta (2011) avioeroon 2015 ja ex-vaimon kuolemaan 2016. <\/p>\n\n\n\n<p class=\"wp-block-paragraph\">Historia on aina kiinnostanut minua, josta p\u00e4\u00e4st\u00e4\u00e4n vuoteen 2017 jolloin pohdin katolisen kirkon j\u00e4senyytt\u00e4: Sit\u00e4 ei voi ohittaa, kun keskiajan historiasta lukee, mutta ko. kirkko ei vain tuntunut omalta. Vuosi 2019 saattoi minut l\u00e4hemm\u00e4s evankelisluterilaista kirkkoa er\u00e4\u00e4n toimimattoman parisuhteen p\u00e4\u00e4tteeksi. K\u00e4vin jopa kirkossa ensimm\u00e4isen kerran vuosiin. Aloin my\u00f6s autella yst\u00e4vien pyynn\u00f6st\u00e4 seurakunnan kahvilassa ja ruokajaossa. Joka n\u00e4in talkkarille tulee luonnostaan, jos jotain pit\u00e4\u00e4 korjata tai tarvitaan voimaa. Toki itsekin n\u00e4in yksinhuoltajana ja toisinaan ruoka-apua tarvinneena auttaminen takaisinp\u00e4in oli luonnollista ja itselleni luontevaa. Kaikesta huolimatta en tuntenut itse\u00e4ni kuuluvaksi tuohon kirkkoon.<\/p>\n\n\n\n<p class=\"wp-block-paragraph\">Yksi harrastuksistani on geok\u00e4tk\u00f6ill\u00e4, jossa t\u00f6rm\u00e4sin vuonna 2025 Adventure Lab -k\u00e4tk\u00f6sarjaan Pyh\u00e4\u00e4 kohti. Kaikkihan tiet\u00e4v\u00e4t Santiago de Compostelan ynn\u00e4 muut pyhiinvaellusreitit, mutta pyhiinvaellusta Suomessa: t\u00e4st\u00e4h\u00e4n piti ottaa selv\u00e4\u00e4. Sanoisinko, ett\u00e4 se on yksi evankelisluterilaisen kirkon hienoista hankkeista, joista l\u00e4hes kukaan ei tied\u00e4. Kes\u00e4 2025 tuli kuljettua Turun ymp\u00e4rist\u00f6n pyhiinvaellusreittej\u00e4, testaten l\u00e4hes 50-vuotiaan ukon kuntoa ja aistien historian havinaa. Kes\u00e4 meni, reitit tuli koluttua. Asia j\u00e4i sikseen, mutta ei j\u00e4tt\u00e4nyt rauhaan. Toki ortodoksinen kirkko oli ollut esill\u00e4 Ukrainan sodan eskaloituessa enemm\u00e4nkin, joka hieman her\u00e4tti lis\u00e4\u00e4 kiinnostusta kirkkoa kohtaan. Kunnes t\u00f6iss\u00e4 huomasin er\u00e4\u00e4ll\u00e4 ty\u00f6ntekij\u00e4ll\u00e4 hieman erilaisen ristin kaulassa kuin itsell\u00e4ni. Menin juttusille t\u00e4m\u00e4n henkil\u00f6n kanssa ja kysyin, saisinko esitt\u00e4\u00e4 muutaman kysymyksen kaulassaan olevaan ristiin ja kirkkoon liittyen. Hetken siin\u00e4 jutusteltiin ortodoksiseen kirkkoon liittyvist\u00e4 asioista ja h\u00e4n kehotti menem\u00e4\u00e4n kirkolle, jos yht\u00e4\u00e4n asia kiinnostaa, kehuen seurakunnan kirkkoisi\u00e4 ja yhteis\u00f6\u00e4. Siit\u00e4 asia j\u00e4i muhimaan ja selvitin lis\u00e4\u00e4 kirkon toiminnasta ja seuraavan katekumeenikurssin alkua. Oli aikaa asiaa pohtia kuukauden verran ennen seuraavan kurssin alkua. Kirkkoon sis\u00e4lle astuessa tuli l\u00e4hes heti &#8221;olen tullut kotiin&#8221; -tunne. Perehtyess\u00e4ni ortodoksisuuteen askel kerrallaan, p\u00e4\u00e4sin my\u00f6s osaksi mit\u00e4 l\u00e4mminhenkisint\u00e4 ja monikulttuurista yhteis\u00f6\u00e4, jossa jokaisella on oma tarinansa.<\/p>\n\n\n\n<p class=\"wp-block-paragraph\">Markku Aaltola<\/p>\n\n\n\n<p class=\"wp-block-paragraph\"><\/p>\n","protected":false},"excerpt":{"rendered":"<p>Taustaltani olen entinen evankelisluterilaisen kirkon j\u00e4sen. T\u00e4t\u00e4 nyky\u00e4 tuore ortodoksikirkon j\u00e4sen, liitetty tammikuussa 2026. Olen ollut hieman yli 50 vuotta evankelisluterilaisen kirkon j\u00e4sen, mutta perheeni ei ollut mitenk\u00e4\u00e4n uskonnollinen. Pakolliset rippikoulu, h\u00e4\u00e4t, hautajaiset -tyyppinen l\u00e4hestyminen. Minua paremmin tuntematta olisi voinut luulla ateistiksi. Oma matkani kirkon vaihtoon on ollut pitk\u00e4 ja mutkikas polku kuljettavaksi. Alkaen vuoden&hellip; <a class=\"continue\" href=\"https:\/\/ort.fi\/turku\/2026\/08\/31\/mina-ja-matkani-ortodoksiseen-kirkkoon\/\">Continue Reading<span> Min\u00e4 ja matkani ortodoksiseen kirkkoon\u00a0\u00a0<\/span><\/a><\/p>\n","protected":false},"author":35,"featured_media":12097,"comment_status":"closed","ping_status":"closed","sticky":false,"template":"","format":"standard","meta":{"slim_seo":{"title":"Min\u00e4 ja matkani ortodoksiseen kirkkoon\u00a0\u00a0 - Turun ortodoksinen seurakunta","description":"Taustaltani olen entinen evankelisluterilaisen kirkon j\u00e4sen. T\u00e4t\u00e4 nyky\u00e4 tuore ortodoksikirkon j\u00e4sen, liitetty tammikuussa 2026. Olen ollut hieman yli 50 vuotta"},"_slim_seo_primary_term_category":23,"_slim_seo_primary_term_post_tag":0,"footnotes":""},"categories":[23,97],"tags":[],"class_list":["post-12095","post","type-post","status-publish","format-standard","has-post-thumbnail","hentry","category-lang-fi","category-terveisia-seurakunnasta"],"_links":{"self":[{"href":"https:\/\/ort.fi\/turku\/wp-json\/wp\/v2\/posts\/12095","targetHints":{"allow":["GET"]}}],"collection":[{"href":"https:\/\/ort.fi\/turku\/wp-json\/wp\/v2\/posts"}],"about":[{"href":"https:\/\/ort.fi\/turku\/wp-json\/wp\/v2\/types\/post"}],"author":[{"embeddable":true,"href":"https:\/\/ort.fi\/turku\/wp-json\/wp\/v2\/users\/35"}],"replies":[{"embeddable":true,"href":"https:\/\/ort.fi\/turku\/wp-json\/wp\/v2\/comments?post=12095"}],"version-history":[{"count":2,"href":"https:\/\/ort.fi\/turku\/wp-json\/wp\/v2\/posts\/12095\/revisions"}],"predecessor-version":[{"id":12119,"href":"https:\/\/ort.fi\/turku\/wp-json\/wp\/v2\/posts\/12095\/revisions\/12119"}],"wp:featuredmedia":[{"embeddable":true,"href":"https:\/\/ort.fi\/turku\/wp-json\/wp\/v2\/media\/12097"}],"wp:attachment":[{"href":"https:\/\/ort.fi\/turku\/wp-json\/wp\/v2\/media?parent=12095"}],"wp:term":[{"taxonomy":"category","embeddable":true,"href":"https:\/\/ort.fi\/turku\/wp-json\/wp\/v2\/categories?post=12095"},{"taxonomy":"post_tag","embeddable":true,"href":"https:\/\/ort.fi\/turku\/wp-json\/wp\/v2\/tags?post=12095"}],"curies":[{"name":"wp","href":"https:\/\/api.w.org\/{rel}","templated":true}]}}