{"id":12067,"date":"2026-08-30T13:34:30","date_gmt":"2026-08-30T10:34:30","guid":{"rendered":"https:\/\/ort.fi\/turku\/?p=12067"},"modified":"2026-08-30T13:35:27","modified_gmt":"2026-08-30T10:35:27","slug":"nuori-tule-toihin-pyhan-aleksandran-kirkon-180-vuotisjuhlaan","status":"publish","type":"post","link":"https:\/\/ort.fi\/turku\/2026\/08\/30\/nuori-tule-toihin-pyhan-aleksandran-kirkon-180-vuotisjuhlaan\/","title":{"rendered":"Nuori, tule t\u00f6ihin pyh\u00e4n Aleksandran kirkon 180-vuotisjuhlaan!"},"content":{"rendered":"\n<p class=\"wp-block-paragraph\">Pyh\u00e4n Aleksandran kirkon 180-vuotisjuhlaa vietet\u00e4\u00e4n kirkossamme 25.-27.9.2026. Etsimme 5 nuorta ty\u00f6skentelem\u00e4\u00e4n juhlaviikonlopun aikana tapahtumassa. Hae 5.9. klo 16 menness\u00e4!<\/p>\n","protected":false},"excerpt":{"rendered":"<p>Pyh\u00e4n Aleksandran kirkon 180-vuotisjuhlaa vietet\u00e4\u00e4n kirkossamme 25.-27.9.2026. Etsimme 5 nuorta ty\u00f6skentelem\u00e4\u00e4n juhlaviikonlopun aikana tapahtumassa. Hae 5.9. klo 16 menness\u00e4!<\/p>\n","protected":false},"author":41,"featured_media":12069,"comment_status":"closed","ping_status":"closed","sticky":false,"template":"","format":"standard","meta":{"slim_seo":{"title":"Nuori, tule t\u00f6ihin pyh\u00e4n Aleksandran kirkon 180-vuotisjuhlaan! - Turun ortodoksinen seurakunta","description":"Pyh\u00e4n Aleksandran kirkon 180-vuotisjuhlaa vietet\u00e4\u00e4n kirkossamme 25.-27.9.2026. Etsimme 5 nuorta ty\u00f6skentelem\u00e4\u00e4n juhlaviikonlopun aikana tapahtumassa. Hae 5.9. k"},"_slim_seo_primary_term_category":23,"_slim_seo_primary_term_post_tag":0,"footnotes":""},"categories":[89,23],"tags":[],"class_list":["post-12067","post","type-post","status-publish","format-standard","has-post-thumbnail","hentry","category-180-vuotisjuhla","category-lang-fi"],"_links":{"self":[{"href":"https:\/\/ort.fi\/turku\/wp-json\/wp\/v2\/posts\/12067","targetHints":{"allow":["GET"]}}],"collection":[{"href":"https:\/\/ort.fi\/turku\/wp-json\/wp\/v2\/posts"}],"about":[{"href":"https:\/\/ort.fi\/turku\/wp-json\/wp\/v2\/types\/post"}],"author":[{"embeddable":true,"href":"https:\/\/ort.fi\/turku\/wp-json\/wp\/v2\/users\/41"}],"replies":[{"embeddable":true,"href":"https:\/\/ort.fi\/turku\/wp-json\/wp\/v2\/comments?post=12067"}],"version-history":[{"count":2,"href":"https:\/\/ort.fi\/turku\/wp-json\/wp\/v2\/posts\/12067\/revisions"}],"predecessor-version":[{"id":12075,"href":"https:\/\/ort.fi\/turku\/wp-json\/wp\/v2\/posts\/12067\/revisions\/12075"}],"wp:featuredmedia":[{"embeddable":true,"href":"https:\/\/ort.fi\/turku\/wp-json\/wp\/v2\/media\/12069"}],"wp:attachment":[{"href":"https:\/\/ort.fi\/turku\/wp-json\/wp\/v2\/media?parent=12067"}],"wp:term":[{"taxonomy":"category","embeddable":true,"href":"https:\/\/ort.fi\/turku\/wp-json\/wp\/v2\/categories?post=12067"},{"taxonomy":"post_tag","embeddable":true,"href":"https:\/\/ort.fi\/turku\/wp-json\/wp\/v2\/tags?post=12067"}],"curies":[{"name":"wp","href":"https:\/\/api.w.org\/{rel}","templated":true}]}}