{"id":12045,"date":"2026-08-28T16:18:05","date_gmt":"2026-08-28T13:18:05","guid":{"rendered":"https:\/\/ort.fi\/turku\/?p=12045"},"modified":"2026-08-28T16:19:34","modified_gmt":"2026-08-28T13:19:34","slug":"lapsikuoro-aloittaa-taas-syyskuussa-ilmoittaudu-mukaan","status":"publish","type":"post","link":"https:\/\/ort.fi\/turku\/2026\/08\/28\/lapsikuoro-aloittaa-taas-syyskuussa-ilmoittaudu-mukaan\/","title":{"rendered":"Lapsikuoro aloittaa taas syyskuussa \u2013 ilmoittaudu mukaan!"},"content":{"rendered":"\n<p class=\"wp-block-paragraph\">Turun ortodoksinen lapsikuoro aloittaa toimintansa taas syyskuussa. Kuoro on suunnattu kuorolaulusta kiinnostuneille 7\u201312-vuotiaille lapsille ja sit\u00e4 johtaa kanttori Riikka Patrikainen.<\/p>\n\n\n\n<p class=\"wp-block-paragraph\">Kuoro on lapsen kannalta monipuolinen oppimisymp\u00e4rist\u00f6. Kuorossa lapsi oppii musiikin perusteita ja moni\u00e4\u00e4nist\u00e4 kuorolaulua sek\u00e4 tuntemaan omaa \u00e4\u00e4nt\u00e4\u00e4n instrumenttina. Kuorossa toimiminen opettaa musiikillisten taitojen lis\u00e4ksi sosiaalisia vuorovaikutustaitoja ja ortodoksisen kirkon rikkaan lauluperinteen tuntemusta. Koska lapsikuoro esiintyy usein, oppii siin\u00e4 hyvin my\u00f6s esiintymiseen liittyvi\u00e4 taitoja: Kuoro laulaa ennalta sovitusti mukana seurakunnan liturgioissa ja juhlissa, mutta kuoroa voi my\u00f6s tilata erilaisiin tilaisuuksiin. Syksyn ensimm\u00e4inen esiintyminen on jo Pyh\u00e4n Aleksandran kirkon 180-vuotisjuhlassa Akatemiatalolla 27.9.<\/p>\n\n\n\n<p class=\"wp-block-paragraph\">My\u00f6s matkat kuuluvat olennaisena osana kuoron toimintaan: Kev\u00e4\u00e4ll\u00e4 2025 kuoro vieraili Tampereen kirkossa ja S\u00e4rk\u00e4nniemess\u00e4, t\u00e4n\u00e4 kev\u00e4\u00e4n\u00e4 vuorossa oli laulaminen mukana ortodoksisilla kirkkolaulup\u00e4ivill\u00e4 Helsingiss\u00e4 muitten lapsi- ja nuorisokuorojen kanssa. Suunnitteilla kev\u00e4\u00e4lle 2027 p\u00e4\u00e4si\u00e4isen j\u00e4lkeen on vastaava reissu Helsinkiin, miss\u00e4 lapsi- ja nuorisokuorolaisten olisi tarkoitus laulaa mukana radioitavassa tai striimattavassa liturgiassa.<\/p>\n\n\n\n<p class=\"wp-block-paragraph\">Kuoroon liittymist\u00e4 edelt\u00e4\u00e4&nbsp;<strong>koelaulu, joka syksyll\u00e4 2026 j\u00e4rjestet\u00e4\u00e4n ke 2.9. klo 18\u201320<\/strong>. Koelauluun ilmoittaudutaan puhelimitse Riikka-kanttorille viimeist\u00e4\u00e4n su 30.8. (yhteystiedot alla). Ilmoittautumisen j\u00e4lkeen osallistujalle ilmoitetaan oma lauluaika (n.15 min). Koelaulun tarkoituksena on tutustua lapseen ja h\u00e4nen musikaalisiin vahvuuksiinsa, mik\u00e4 toimii laulamisen opettamisen tukena kuoroharjoituksissa.<\/p>\n\n\n\n<p class=\"wp-block-paragraph\">Kuoro kokoontuu tiistaisin klo 18\u201319 (seurakuntatalo, 3. krs.). Syksyll\u00e4 2026 kuorotoiminta alkaa <strong>tiistaina 8.9.2025 klo 18.<\/strong><\/p>\n\n\n\n<p class=\"wp-block-paragraph\">Ilmoittaudu mukaan kuoroon <strong>riikka.patrikainen@ort.fi, p. 0449012344<\/strong><\/p>\n\n\n\n<p class=\"wp-block-paragraph\">Kuva: Lapsikuorolaisia oli mukana laulamassa Ortodoksisten nuorten liiton tilaamaa ortodoksisen kirkkolaulun opetusvideota varten elokuussa 2026. Kuvassa on my\u00f6s videon kuvaaja ja editoija Jonathan Guillaume.<\/p>\n","protected":false},"excerpt":{"rendered":"<p>Turun ortodoksinen lapsikuoro aloittaa toimintansa taas syyskuussa. Kuoro on suunnattu kuorolaulusta kiinnostuneille 7\u201312-vuotiaille lapsille ja sit\u00e4 johtaa kanttori Riikka Patrikainen. Kuoro on lapsen kannalta monipuolinen oppimisymp\u00e4rist\u00f6. Kuorossa lapsi oppii musiikin perusteita ja moni\u00e4\u00e4nist\u00e4 kuorolaulua sek\u00e4 tuntemaan omaa \u00e4\u00e4nt\u00e4\u00e4n instrumenttina. Kuorossa toimiminen opettaa musiikillisten taitojen lis\u00e4ksi sosiaalisia vuorovaikutustaitoja ja ortodoksisen kirkon rikkaan lauluperinteen tuntemusta. Koska lapsikuoro&hellip; <a class=\"continue\" href=\"https:\/\/ort.fi\/turku\/2026\/08\/28\/lapsikuoro-aloittaa-taas-syyskuussa-ilmoittaudu-mukaan\/\">Continue Reading<span> Lapsikuoro aloittaa taas syyskuussa \u2013 ilmoittaudu mukaan!<\/span><\/a><\/p>\n","protected":false},"author":11,"featured_media":12047,"comment_status":"closed","ping_status":"closed","sticky":false,"template":"","format":"standard","meta":{"slim_seo":{"title":"Lapsikuoro aloittaa taas syyskuussa \u2013 ilmoittaudu mukaan! - Turun ortodoksinen seurakunta","description":"Turun ortodoksinen lapsikuoro aloittaa toimintansa taas syyskuussa. Kuoro on suunnattu kuorolaulusta kiinnostuneille 7\u201312-vuotiaille lapsille ja sit\u00e4 johtaa kan"},"_slim_seo_primary_term_category":23,"_slim_seo_primary_term_post_tag":0,"footnotes":""},"categories":[23],"tags":[],"class_list":["post-12045","post","type-post","status-publish","format-standard","has-post-thumbnail","hentry","category-lang-fi"],"_links":{"self":[{"href":"https:\/\/ort.fi\/turku\/wp-json\/wp\/v2\/posts\/12045","targetHints":{"allow":["GET"]}}],"collection":[{"href":"https:\/\/ort.fi\/turku\/wp-json\/wp\/v2\/posts"}],"about":[{"href":"https:\/\/ort.fi\/turku\/wp-json\/wp\/v2\/types\/post"}],"author":[{"embeddable":true,"href":"https:\/\/ort.fi\/turku\/wp-json\/wp\/v2\/users\/11"}],"replies":[{"embeddable":true,"href":"https:\/\/ort.fi\/turku\/wp-json\/wp\/v2\/comments?post=12045"}],"version-history":[{"count":3,"href":"https:\/\/ort.fi\/turku\/wp-json\/wp\/v2\/posts\/12045\/revisions"}],"predecessor-version":[{"id":12055,"href":"https:\/\/ort.fi\/turku\/wp-json\/wp\/v2\/posts\/12045\/revisions\/12055"}],"wp:featuredmedia":[{"embeddable":true,"href":"https:\/\/ort.fi\/turku\/wp-json\/wp\/v2\/media\/12047"}],"wp:attachment":[{"href":"https:\/\/ort.fi\/turku\/wp-json\/wp\/v2\/media?parent=12045"}],"wp:term":[{"taxonomy":"category","embeddable":true,"href":"https:\/\/ort.fi\/turku\/wp-json\/wp\/v2\/categories?post=12045"},{"taxonomy":"post_tag","embeddable":true,"href":"https:\/\/ort.fi\/turku\/wp-json\/wp\/v2\/tags?post=12045"}],"curies":[{"name":"wp","href":"https:\/\/api.w.org\/{rel}","templated":true}]}}