{"id":12009,"date":"2026-08-26T08:57:39","date_gmt":"2026-08-26T05:57:39","guid":{"rendered":"https:\/\/ort.fi\/turku\/?p=12009"},"modified":"2026-08-26T11:25:16","modified_gmt":"2026-08-26T08:25:16","slug":"kirkkokahvit-on-poyta-jonka-katamme-yhdessa","status":"publish","type":"post","link":"https:\/\/ort.fi\/turku\/2026\/08\/26\/kirkkokahvit-on-poyta-jonka-katamme-yhdessa\/","title":{"rendered":"Kirkkokahvit on p\u00f6yt\u00e4, jonka katamme yhdess\u00e4"},"content":{"rendered":"\n<p class=\"wp-block-paragraph\">Sunnuntaisin liturgian j\u00e4lkeen, yhteis\u00f6ss\u00e4mme on tapana kokoontua kirkkokahveille. Mukana on tuttuja seurakuntalaisia, uusia tulijoita ja ihmisi\u00e4, jotka vasta tutustuvat kirkkoon.<\/p>\n\n\n\n<p class=\"wp-block-paragraph\">Kirkkokahvit j\u00e4rjest\u00e4\u00e4 vapaaehtoiset yhdess\u00e4, toinen toisillemme. Ne ovat t\u00e4rke\u00e4 osa seurakunnan yhteist\u00e4 el\u00e4m\u00e4\u00e4. Kahvip\u00f6yd\u00e4n \u00e4\u00e4rell\u00e4 voimme kohdata toisemme &nbsp;ja osoittaa rakkautta, huolenpitoa ja vieraanvaraisuutta.<\/p>\n\n\n\n<p class=\"wp-block-paragraph\">Kirkkokahveille osallistuu usein yli 100 ihmist\u00e4. Siksi yhteisen p\u00f6yd\u00e4n kattamiseen tarvitaan monta vapaaehtoista. Toivomme, ett\u00e4 yh\u00e4 useampi voisi tulla mukaan, pienikin apu on t\u00e4rke\u00e4\u00e4.<\/p>\n\n\n\n<p class=\"wp-block-paragraph\">Olemme tehneet Kirkkokahvien vapaaehtoisen oppaan, jotta mukaan tuleminen olisi helppoa ja j\u00e4rjest\u00e4minen sujuvaa. Oppaasta l\u00f6ytyv\u00e4t yhteiset ohjeet kaikille kirkkokahvien j\u00e4rjest\u00e4jille. Opas l\u00f6ytyy srk:n sivuilta ja on luettavissa my\u00f6s keitti\u00f6ss\u00e4 sijaitsevasta kansiosta.<\/p>\n\n\n\n<p class=\"wp-block-paragraph\">Kirkkokahveilla ker\u00e4t\u00e4\u00e4n vapaaehtoinen kannatusmaksu. Maksamalla oman mahdollisuutesi mukaan autat kattamaan tarjoilun kuluja ja tuet seurakunnan piirien toimintaa. Jos maksaminen ei ole mahdollista, olet aivan yht\u00e4 tervetullut yhteiseen p\u00f6yt\u00e4\u00e4n.<\/p>\n\n\n\n<p class=\"wp-block-paragraph\">Tervetuloa mukaan j\u00e4rjest\u00e4m\u00e4\u00e4n kirkkokahveja, ota yhteytt\u00e4 i Ioannikseen, i Valtterin, kirkkokahvikoordinaattori Leena Mantere tai vapaaehtoisty\u00f6n koordinaattori Sanna Suomeen.<\/p>\n","protected":false},"excerpt":{"rendered":"<p>Sunnuntaisin liturgian j\u00e4lkeen, yhteis\u00f6ss\u00e4mme on tapana kokoontua kirkkokahveille. Mukana on tuttuja seurakuntalaisia, uusia tulijoita ja ihmisi\u00e4, jotka vasta tutustuvat kirkkoon. Kirkkokahvit j\u00e4rjest\u00e4\u00e4 vapaaehtoiset yhdess\u00e4, toinen toisillemme. Ne ovat t\u00e4rke\u00e4 osa seurakunnan yhteist\u00e4 el\u00e4m\u00e4\u00e4. Kahvip\u00f6yd\u00e4n \u00e4\u00e4rell\u00e4 voimme kohdata toisemme &nbsp;ja osoittaa rakkautta, huolenpitoa ja vieraanvaraisuutta. Kirkkokahveille osallistuu usein yli 100 ihmist\u00e4. Siksi yhteisen p\u00f6yd\u00e4n kattamiseen tarvitaan&hellip; <a class=\"continue\" href=\"https:\/\/ort.fi\/turku\/2026\/08\/26\/kirkkokahvit-on-poyta-jonka-katamme-yhdessa\/\">Continue Reading<span> Kirkkokahvit on p\u00f6yt\u00e4, jonka katamme yhdess\u00e4<\/span><\/a><\/p>\n","protected":false},"author":21,"featured_media":12015,"comment_status":"closed","ping_status":"closed","sticky":false,"template":"","format":"standard","meta":{"slim_seo":{"title":"Kirkkokahvit on p\u00f6yt\u00e4, jonka katamme yhdess\u00e4 - Turun ortodoksinen seurakunta","description":"Sunnuntaisin liturgian j\u00e4lkeen, yhteis\u00f6ss\u00e4mme on tapana kokoontua kirkkokahveille. Mukana on tuttuja seurakuntalaisia, uusia tulijoita ja ihmisi\u00e4, jotka vasta t"},"_slim_seo_primary_term_category":1,"_slim_seo_primary_term_post_tag":0,"footnotes":""},"categories":[1,23],"tags":[],"class_list":["post-12009","post","type-post","status-publish","format-standard","has-post-thumbnail","hentry","category-yleinen","category-lang-fi"],"_links":{"self":[{"href":"https:\/\/ort.fi\/turku\/wp-json\/wp\/v2\/posts\/12009","targetHints":{"allow":["GET"]}}],"collection":[{"href":"https:\/\/ort.fi\/turku\/wp-json\/wp\/v2\/posts"}],"about":[{"href":"https:\/\/ort.fi\/turku\/wp-json\/wp\/v2\/types\/post"}],"author":[{"embeddable":true,"href":"https:\/\/ort.fi\/turku\/wp-json\/wp\/v2\/users\/21"}],"replies":[{"embeddable":true,"href":"https:\/\/ort.fi\/turku\/wp-json\/wp\/v2\/comments?post=12009"}],"version-history":[{"count":2,"href":"https:\/\/ort.fi\/turku\/wp-json\/wp\/v2\/posts\/12009\/revisions"}],"predecessor-version":[{"id":12017,"href":"https:\/\/ort.fi\/turku\/wp-json\/wp\/v2\/posts\/12009\/revisions\/12017"}],"wp:featuredmedia":[{"embeddable":true,"href":"https:\/\/ort.fi\/turku\/wp-json\/wp\/v2\/media\/12015"}],"wp:attachment":[{"href":"https:\/\/ort.fi\/turku\/wp-json\/wp\/v2\/media?parent=12009"}],"wp:term":[{"taxonomy":"category","embeddable":true,"href":"https:\/\/ort.fi\/turku\/wp-json\/wp\/v2\/categories?post=12009"},{"taxonomy":"post_tag","embeddable":true,"href":"https:\/\/ort.fi\/turku\/wp-json\/wp\/v2\/tags?post=12009"}],"curies":[{"name":"wp","href":"https:\/\/api.w.org\/{rel}","templated":true}]}}