{"id":11875,"date":"2026-09-02T09:00:00","date_gmt":"2026-09-02T06:00:00","guid":{"rendered":"https:\/\/ort.fi\/turku\/?p=11875"},"modified":"2026-08-12T09:26:14","modified_gmt":"2026-08-12T06:26:14","slug":"folkkyrkan-tillhor-alla","status":"publish","type":"post","link":"https:\/\/ort.fi\/turku\/2026\/09\/02\/folkkyrkan-tillhor-alla\/","title":{"rendered":"Folkkyrkan tillh\u00f6r alla"},"content":{"rendered":"\n<p class=\"wp-block-paragraph\">H\u00e4romdagen bes\u00f6kte jag Simsk\u00e4la, Stormsk\u00e4rs Majas hemtrakter. H\u00e4rifr\u00e5n flyttade Maja med sin Janne fyra sj\u00f6mil norrut till ett \u00f6de sk\u00e4r. Kyrkan p\u00e5 V\u00e5rd\u00f6 ligger d\u00e4remot n\u00e4stan lika l\u00e5ngt s\u00f6derut. Inte undra p\u00e5 att torparhustrun bes\u00f6kte kyrkan s\u00e4llan. F\u00e4rden tog n\u00e4rmare tre dagar i bra v\u00e4der. Men \u00e4nd\u00e5 var anknytningen till kyrkan viktig och meningsfull.<\/p>\n\n\n\n<p class=\"wp-block-paragraph\">N\u00e4r jag t\u00e4nker p\u00e5 Maja, p\u00e5minns jag om alla de karelska ortodoxa emigranter som ett sekel senare befann sig i en liknande situation: nybyggen i fr\u00e4mmande \u00f6demark och hemkyrkan l\u00e5ngt borta.<\/p>\n\n\n\n<p class=\"wp-block-paragraph\">Kyrkans ideal \u00e4r ett levande eukaristiskt samfund, en sammansvetsad gemenskap. Men hur lever kyrkan n\u00e4r flocken \u00e4r utspridd \u00f6ver hela landet?<\/p>\n\n\n\n<p class=\"wp-block-paragraph\">I Finland har v\u00e5r kyrka en r\u00e4tt s\u00e5 h\u00f6g civiljuridisk status s\u00e5som den andra nationella folkkyrkan. Detta medf\u00f6r ansvar och plikter. Vi kan inte enbart ta hand om dem som vill och regelbundet kan delta gudstj\u00e4nster. Vi kan inte upptr\u00e4da som en sekt. Vi m\u00e5ste ta hand om alla.<\/p>\n\n\n\n<p class=\"wp-block-paragraph\">S\u00e5lunda har innovativa l\u00f6sningar infunnit sig: liturgier, vigslar och begravningar i lutherska kyrkor, dop \u00e4ven hemma n\u00e4r v\u00e4garna har varit l\u00e5nga och d\u00e5liga. Och d\u00e4rtill all lekmannaaktivitet, lokala k\u00f6rer och tisdagsf\u00f6reningar i spetsen.<\/p>\n\n\n\n<p class=\"wp-block-paragraph\">Karelens upplysares fest \u00e4r en h\u00f6gtid som blev till p\u00e5 50-talet, \u00e4ven den utifr\u00e5n ett v\u00e4ldigt praktiskt behov &#8211; vid den tiden jobbade man n\u00e4mligen sex dagar i veckan. Under hela den l\u00e5nga h\u00f6sten var lutherska allhelgonadagen den enda m\u00f6jligheten att resa lite l\u00e4ngre och komma samman.<\/p>\n\n\n\n<p class=\"wp-block-paragraph\">\u00c4ven p\u00e5skfirandet enligt den nya kalendern och godk\u00e4nnandet av kremering kan r\u00e4knas som oundvikliga \u00e5tg\u00e4rder f\u00f6r att kunna \u00f6verleva i det finska samh\u00e4llet.<\/p>\n\n\n\n<p class=\"wp-block-paragraph\">Kyrkan har allts\u00e5 varit \u201dd\u00f6md\u201d att leva i tiden. Det har varit ett m\u00e5ste. Men samtidigt en m\u00f6jlighet. Kyrkan har varit helhj\u00e4rtat delaktig i det finska samh\u00e4llet.<\/p>\n\n\n\n<p class=\"wp-block-paragraph\">I Sverige har jag bekantat mig med en annan verklighet. Varje jurisdiktion har sin egen biskop och kyrka. D\u00e5 r\u00e4cker det bra till att ta hand om \u201dsina egna\u201d. Man kan fritt vara s\u00e5 \u201dr\u00e4ttroende\u201d och \u201drenodlad\u201d man vill.<\/p>\n\n\n\n<p class=\"wp-block-paragraph\">I Finland \u00e4r vi stolta \u00f6ver v\u00e5r ena och enhetliga kyrka. Vi ber f\u00f6r kyrkan \u201dsom str\u00e4cker sig fr\u00e5n v\u00e4rldens ena \u00e4nda till den andra\u201d. Men d\u00e5 f\u00e5r vi inte heller gl\u00f6mma \u201ddem som av rimliga sk\u00e4l \u00e4r fr\u00e5nvarande.\u201d<\/p>\n\n\n\n<p class=\"wp-block-paragraph\">P\u00e5 \u00c5land firas liturgin varannan m\u00e5nad. F\u00f6rbindelserna har blivit b\u00e4ttre sedan Majas tider, men havet \u00e4r fortfarande ett hav. Alla bor inte i Mariehamn. Att g\u00e5 i kyrkan kan bra ta n\u00e4rmare tv\u00e5 dygn i anspr\u00e5k. Men d\u00e5 blir det ocks\u00e5 viktigt och meningsfullt.<\/p>\n","protected":false},"excerpt":{"rendered":"<p>H\u00e4romdagen bes\u00f6kte jag Simsk\u00e4la, Stormsk\u00e4rs Majas hemtrakter. H\u00e4rifr\u00e5n flyttade Maja med sin Janne fyra sj\u00f6mil norrut till ett \u00f6de sk\u00e4r. Kyrkan p\u00e5 V\u00e5rd\u00f6 ligger d\u00e4remot n\u00e4stan lika l\u00e5ngt s\u00f6derut. Inte undra p\u00e5 att torparhustrun bes\u00f6kte kyrkan s\u00e4llan. F\u00e4rden tog n\u00e4rmare tre dagar i bra v\u00e4der. Men \u00e4nd\u00e5 var anknytningen till kyrkan viktig och meningsfull. N\u00e4r&hellip; <a class=\"continue\" href=\"https:\/\/ort.fi\/turku\/2026\/09\/02\/folkkyrkan-tillhor-alla\/\">Continue Reading<span> Folkkyrkan tillh\u00f6r alla<\/span><\/a><\/p>\n","protected":false},"author":13,"featured_media":5463,"comment_status":"closed","ping_status":"closed","sticky":false,"template":"","format":"standard","meta":{"slim_seo":{"title":"Folkkyrkan tillh\u00f6r alla - Turun ortodoksinen seurakunta","description":"H\u00e4romdagen bes\u00f6kte jag Simsk\u00e4la, Stormsk\u00e4rs Majas hemtrakter. H\u00e4rifr\u00e5n flyttade Maja med sin Janne fyra sj\u00f6mil norrut till ett \u00f6de sk\u00e4r. Kyrkan p\u00e5 V\u00e5rd\u00f6 ligger"},"_slim_seo_primary_term_category":0,"_slim_seo_primary_term_post_tag":0,"footnotes":""},"categories":[25],"tags":[],"class_list":["post-11875","post","type-post","status-publish","format-standard","has-post-thumbnail","hentry","category-lang-sv"],"_links":{"self":[{"href":"https:\/\/ort.fi\/turku\/wp-json\/wp\/v2\/posts\/11875","targetHints":{"allow":["GET"]}}],"collection":[{"href":"https:\/\/ort.fi\/turku\/wp-json\/wp\/v2\/posts"}],"about":[{"href":"https:\/\/ort.fi\/turku\/wp-json\/wp\/v2\/types\/post"}],"author":[{"embeddable":true,"href":"https:\/\/ort.fi\/turku\/wp-json\/wp\/v2\/users\/13"}],"replies":[{"embeddable":true,"href":"https:\/\/ort.fi\/turku\/wp-json\/wp\/v2\/comments?post=11875"}],"version-history":[{"count":1,"href":"https:\/\/ort.fi\/turku\/wp-json\/wp\/v2\/posts\/11875\/revisions"}],"predecessor-version":[{"id":11877,"href":"https:\/\/ort.fi\/turku\/wp-json\/wp\/v2\/posts\/11875\/revisions\/11877"}],"wp:featuredmedia":[{"embeddable":true,"href":"https:\/\/ort.fi\/turku\/wp-json\/wp\/v2\/media\/5463"}],"wp:attachment":[{"href":"https:\/\/ort.fi\/turku\/wp-json\/wp\/v2\/media?parent=11875"}],"wp:term":[{"taxonomy":"category","embeddable":true,"href":"https:\/\/ort.fi\/turku\/wp-json\/wp\/v2\/categories?post=11875"},{"taxonomy":"post_tag","embeddable":true,"href":"https:\/\/ort.fi\/turku\/wp-json\/wp\/v2\/tags?post=11875"}],"curies":[{"name":"wp","href":"https:\/\/api.w.org\/{rel}","templated":true}]}}