{"id":11871,"date":"2026-09-02T09:00:00","date_gmt":"2026-09-02T06:00:00","guid":{"rendered":"https:\/\/ort.fi\/turku\/?p=11871"},"modified":"2026-08-12T09:25:14","modified_gmt":"2026-08-12T06:25:14","slug":"biserica-un-loc-al-inaltarii-spirituale","status":"publish","type":"post","link":"https:\/\/ort.fi\/turku\/2026\/09\/02\/biserica-un-loc-al-inaltarii-spirituale\/","title":{"rendered":"Biserica, un loc al \u00een\u0103l\u021b\u0103rii spirituale!"},"content":{"rendered":"\n<p class=\"wp-block-paragraph\">Cu to\u021bii avem amintiri din vremea c\u00e2nd mergeam \u00eempreun\u0103 cu p\u0103rin\u021bii sau bunicii no\u0219tri la biserica din satul sau ora\u0219ul \u00een care am crescut sau din locul nostru de origine. \u00cendrumarea p\u0103rin\u021bilor \u0219i a bunicilor no\u0219tri a devenit, pentru mul\u021bi, un mod de via\u021b\u0103. Pentru mul\u021bi dintre noi, indiferent de locul \u00een care locuim, participarea la s\u0103rb\u0103toarea bisericii din sat sau din ora\u0219 reprezint\u0103 un eveniment recurent care confer\u0103 sens \u0219i putere pentru tot restul anului.<\/p>\n\n\n\n<p class=\"wp-block-paragraph\">Biserica principal\u0103 a parohiei noastre, biserica Sf\u00e2nta Alexandra, \u00eempline\u0219te anul acesta 180 de ani de istorie. Sfin\u021birea bisericii a avut loc pe 2 septembrie 1846. Cu toate acestea, adev\u0103rata istorie a bisericii, conform scrisorilor \u0219i documentelor din acea perioad\u0103, a \u00eenceput \u00eenc\u0103 din 1814, c\u00e2nd Gustaf Mauritz Armfelt a propus construirea unei biserici ortodoxe pentru a r\u0103spunde nevoilor locuitorilor ortodoc\u0219i ai ora\u0219ului Turku de atunci.<\/p>\n\n\n\n<p class=\"wp-block-paragraph\">Biserica Sf\u00e2nta Alexandra este o bijuterie a centrului ora\u0219ului Turku. Fondatorii l\u0103ca\u0219ului de cult nu \u0219i-ar fi putut imagina niciodat\u0103 c\u0103, \u00een 2026, mul\u021bi enoria\u0219i, at\u00e2t ortodoc\u0219i, c\u00e2t \u0219i membri ai altor confesiuni \u0219i religii cre\u0219tine, vor vizita biserica noastr\u0103 fie pentru a aprinde o lum\u00e2nare \u0219i a se ruga, fie pentru a admira monumentul arhitectural \u0219i artistic proiectat de Carl Ludvig Engel.<\/p>\n\n\n\n<p class=\"wp-block-paragraph\">Biserica noastr\u0103 nu este doar un monument cultural \u0219i istoric, ci un ad\u0103post spiritual viu, unde mul\u021bi oameni caut\u0103, prin rug\u0103ciunile lor, mijlocirea Sfin\u021bilor. De-a lungul celor 180 de ani de istorie, rug\u0103ciunile \u00een\u0103l\u021bate \u00een fa\u021ba icoanei Sfintei Alexandra sunt nenum\u0103rate. \u00cembr\u0103\u021bi\u0219area plin\u0103 de dragoste a Sfintei a oferit m\u00e2ng\u00e2iere \u0219i speran\u021b\u0103 unui num\u0103r nesf\u00e2r\u0219it de oameni, indiferent de limba sau locul lor de origine.<\/p>\n\n\n\n<p class=\"wp-block-paragraph\">At\u00e2t credincio\u0219ii din trecut, c\u00e2t \u0219i cei din prezent apeleaz\u0103 la mijlocirea Sfin\u021bilor \u0219i \u00cel caut\u0103 pe Hristos. \u00cendrept\u00e2ndu-ne privirea spre El, putem face fa\u021b\u0103 at\u00e2t oportunit\u0103\u021bilor, c\u00e2t \u0219i provoc\u0103rilor cu care se confrunt\u0103 ast\u0103zi Biserica \u0219i parohia Sf\u00e2ntei Alexandra: imminenta renovare a bisericii, caracterul multicultural al parohiei, cre\u0219terea num\u0103rului de persoane care vin la biseric\u0103, nevoile activit\u0103\u021bii caritabile, precum \u0219i sprijinul \u0219i \u00eendrumarea spiritual\u0103 a copiilor \u0219i tinerilor.<\/p>\n\n\n\n<p class=\"wp-block-paragraph\">\u00cei mul\u021bumim lui Dumnezeu pentru to\u021bi cei care au contribuit \u0219i continu\u0103 s\u0103 contribuie la zidirea \u0219i dezvoltarea bisericii \u0219i a parohiei noastre. S\u0103 continu\u0103m s\u0103 lucr\u0103m cu to\u021bii \u00eempreun\u0103, astfel \u00eenc\u00e2t fiecare trec\u0103tor pe l\u00e2ng\u0103 biserica Sfintei Alexandra s\u0103 g\u0103seasc\u0103 \u00een l\u0103ca\u0219ul nostru un loc de rug\u0103ciune, un loc de \u00eent\u00e2lnire cu Hristos.<\/p>\n\n\n\n<p class=\"wp-block-paragraph\">S\u0103 ne \u00eencredem \u00een rug\u0103ciunile Sfintei Alexandra \u0219i s\u0103 o rug\u0103m s\u0103 mijloceasc\u0103 \u00een fa\u021ba M\u00e2ntuitorului nostru Iisus Hristos pentru m\u00e2ntuirea sufletelor noastre.<\/p>\n\n\n\n<p class=\"wp-block-paragraph\">Pr. Ioannis Lampropoulos<\/p>\n","protected":false},"excerpt":{"rendered":"<p>Cu to\u021bii avem amintiri din vremea c\u00e2nd mergeam \u00eempreun\u0103 cu p\u0103rin\u021bii sau bunicii no\u0219tri la biserica din satul sau ora\u0219ul \u00een care am crescut sau din locul nostru de origine. \u00cendrumarea p\u0103rin\u021bilor \u0219i a bunicilor no\u0219tri a devenit, pentru mul\u021bi, un mod de via\u021b\u0103. Pentru mul\u021bi dintre noi, indiferent de locul \u00een care locuim, participarea&hellip; <a class=\"continue\" href=\"https:\/\/ort.fi\/turku\/2026\/09\/02\/biserica-un-loc-al-inaltarii-spirituale\/\">Continue Reading<span> Biserica, un loc al \u00een\u0103l\u021b\u0103rii spirituale!<\/span><\/a><\/p>\n","protected":false},"author":13,"featured_media":9139,"comment_status":"closed","ping_status":"closed","sticky":false,"template":"","format":"standard","meta":{"slim_seo":{"title":"Biserica, un loc al \u00een\u0103l\u021b\u0103rii spirituale! - Turun ortodoksinen seurakunta","description":"Cu to\u021bii avem amintiri din vremea c\u00e2nd mergeam \u00eempreun\u0103 cu p\u0103rin\u021bii sau bunicii no\u0219tri la biserica din satul sau ora\u0219ul \u00een care am crescut sau din locul nostru"},"_slim_seo_primary_term_category":0,"_slim_seo_primary_term_post_tag":0,"footnotes":""},"categories":[31],"tags":[],"class_list":["post-11871","post","type-post","status-publish","format-standard","has-post-thumbnail","hentry","category-lang-ro"],"_links":{"self":[{"href":"https:\/\/ort.fi\/turku\/wp-json\/wp\/v2\/posts\/11871","targetHints":{"allow":["GET"]}}],"collection":[{"href":"https:\/\/ort.fi\/turku\/wp-json\/wp\/v2\/posts"}],"about":[{"href":"https:\/\/ort.fi\/turku\/wp-json\/wp\/v2\/types\/post"}],"author":[{"embeddable":true,"href":"https:\/\/ort.fi\/turku\/wp-json\/wp\/v2\/users\/13"}],"replies":[{"embeddable":true,"href":"https:\/\/ort.fi\/turku\/wp-json\/wp\/v2\/comments?post=11871"}],"version-history":[{"count":1,"href":"https:\/\/ort.fi\/turku\/wp-json\/wp\/v2\/posts\/11871\/revisions"}],"predecessor-version":[{"id":11873,"href":"https:\/\/ort.fi\/turku\/wp-json\/wp\/v2\/posts\/11871\/revisions\/11873"}],"wp:featuredmedia":[{"embeddable":true,"href":"https:\/\/ort.fi\/turku\/wp-json\/wp\/v2\/media\/9139"}],"wp:attachment":[{"href":"https:\/\/ort.fi\/turku\/wp-json\/wp\/v2\/media?parent=11871"}],"wp:term":[{"taxonomy":"category","embeddable":true,"href":"https:\/\/ort.fi\/turku\/wp-json\/wp\/v2\/categories?post=11871"},{"taxonomy":"post_tag","embeddable":true,"href":"https:\/\/ort.fi\/turku\/wp-json\/wp\/v2\/tags?post=11871"}],"curies":[{"name":"wp","href":"https:\/\/api.w.org\/{rel}","templated":true}]}}