{"id":11851,"date":"2026-09-01T09:00:00","date_gmt":"2026-09-01T06:00:00","guid":{"rendered":"https:\/\/ort.fi\/turku\/?p=11851"},"modified":"2026-08-12T09:17:06","modified_gmt":"2026-08-12T06:17:06","slug":"kannattaa-maistaa-ja-katsoa","status":"publish","type":"post","link":"https:\/\/ort.fi\/turku\/2026\/09\/01\/kannattaa-maistaa-ja-katsoa\/","title":{"rendered":"Kannattaa maistaa ja katsoa!"},"content":{"rendered":"\n<p class=\"wp-block-paragraph\"><em>Julkaistu Kupolissa 2\/2026<\/em><\/p>\n\n\n\n<p class=\"wp-block-paragraph\"><strong>Kannattaa maistaa ja katsoa!<\/strong><\/p>\n\n\n\n<p class=\"wp-block-paragraph\">Ulla-Maija Lajunen on n\u00e4hnyt ja osallistunut ortodoksisen kirkon el\u00e4m\u00e4\u00e4n yli 50 vuoden ajan. Luterilaiseen perheeseen syntyneen Ulla-Maijan ensimm\u00e4inen kipin\u00e4 ortodoksisuuteen syttyi koulukaverin perheen kodissa olleesta ikonista ja sen edess\u00e4 tehdyst\u00e4 ristinmerkist\u00e4. Uteliaisuus oli her\u00e4nnyt, ja aluksi ortodoksisuus oli j\u00e4\u00e4nyt mieleen \u201dkivana kummajaisena\u201d.<\/p>\n\n\n\n<p class=\"wp-block-paragraph\">&#8211; Sitten koitti opettajaksi valmistautumisen hetki ja auskultointi, Ulla-Maija muistelee. \u2013 Sama lapsuudenyst\u00e4v\u00e4 pyysi minua suorittamaan auskultointia Ilomantsin Mekrij\u00e4rven koululle, ja se j\u00e4i l\u00e4htem\u00e4tt\u00f6m\u00e4sti mieleen.&nbsp;<\/p>\n\n\n\n<p class=\"wp-block-paragraph\">Nuoret opettajaopiskelijat k\u00e4viv\u00e4t Pyh\u00e4n Elian kirkon palveluksissa ja siell\u00e4 Ulla-Maija vakuuttui uteliaisuuden syventyneen Jumalan kutsuksi.&nbsp;<\/p>\n\n\n\n<p class=\"wp-block-paragraph\">&#8211; Pohjalaisena \u2019juntturana\u2019 ei kuitenkaan heti kaikkia kutsuja kuunneltu, mutta ajatus j\u00e4i hautumaan. Turkuun tultuani vuonna 1973 asiat eteniv\u00e4t muutamassa vuodessa siihen, ett\u00e4 olin Turun seurakunnan neuvostossa mukana jo vuonna 1975.<\/p>\n\n\n\n<p class=\"wp-block-paragraph\">Alkuaikoja Turun seurakunnassa Ulla-Maija muistelee monenlaisin s\u00e4vyin. Toiminta seurakunnassa oli viel\u00e4 rakennusvaiheessa ja seurakunnassa oli my\u00f6s monia ongelmia, jotka heijastuivat ulosp\u00e4in mediaan asti.&nbsp;<\/p>\n\n\n\n<p class=\"wp-block-paragraph\">&#8211; Ja naiset olivat luottamuselimiss\u00e4 tuolloin aika harvinaisia. Kirkkoon liitt\u00e4miset olivat tuolloin harvassa ja seurakuntalaiset koostuivat paljolti slaavinkielisist\u00e4 ja evakoista. Kiit\u00e4nkin Jumalaa erityisesti siit\u00e4, ett\u00e4 olen saanut el\u00e4\u00e4 t\u00e4h\u00e4n asti ja n\u00e4hd\u00e4 seurakunnan uuden nousun ja suoranaisen kukoistamisen.<\/p>\n\n\n\n<p class=\"wp-block-paragraph\">Ulla-Maija kertoo enemm\u00e4nkin kiitollisuudesta kuvaillessaan mit\u00e4 seurakuntalaisuus h\u00e4nelle merkitsee. El\u00e4m\u00e4ss\u00e4 on tullut my\u00f6s vaikeita hetki\u00e4, jolloin on ollut tarve kysy\u00e4 Jumalalta miksi tiettyj\u00e4 asioita tapahtuu.<\/p>\n\n\n\n<p class=\"wp-block-paragraph\">&#8211; Ihan tietysti monenlaisiin ihmisiin tutustuminen on ollut ihanaa. Mutta omalla kohdallani seurakuntalaisuus vertautuu hengitett\u00e4v\u00e4\u00e4n ilmaan, ja ilman seurakuntayhteytt\u00e4 hengellinen happi loppuu. Ilman seurakuntaa n\u00e4\u00e4nnymme hengellisesti. Jumalan hyvyys on se, mik\u00e4 vet\u00e4\u00e4 ihmist\u00e4 puoleensa \u2013 olipa h\u00e4nell\u00e4 itsell\u00e4\u00e4n mink\u00e4laisia kolhuja tai ennakko-oletuksia tahansa.<\/p>\n\n\n\n<p class=\"wp-block-paragraph\">Samaa kiitollisuutta Ulla-Maija haluaa v\u00e4litt\u00e4\u00e4 my\u00f6s ty\u00f6ntekij\u00f6ille ja seurakunnalle tulevaisuuteenkin: &#8211; Kiitt\u00e4isin erityisesti nykyisi\u00e4 ty\u00f6ntekij\u00f6it\u00e4. He ovat aina valmiita palvelemaan. Aivan erityinen lahja on se, ett\u00e4 nyt kaikki seurakuntalaiset tuodaan mukaan ja seurakunnassa on monenlaista toimintaa erilaisille ihmisille. Ja ihmiset l\u00e4htev\u00e4t my\u00f6s mukaan! Uskon, ett\u00e4 kirkonkin remontti tapahtuu Jumalan kunniaksi ja h\u00e4n kyll\u00e4 auttaa pyhien puitteidensa vaalimisessa. Meill\u00e4 pit\u00e4\u00e4 olla rohkeutta katsoa eteenp\u00e4in, luottaen Jumalaan. Seurakunta on paikka, jossa kaikkien on hyv\u00e4 maistaa ja katsoa.<\/p>\n\n\n\n<p class=\"wp-block-paragraph\"><\/p>\n\n\n\n<p class=\"wp-block-paragraph\">Kaisa Ivaska-Papaioannou on kiinnittynyt seurakuntaan palveluteht\u00e4viens\u00e4 kautta. Vuoden 2007 lopulla Kaisa tuli pyh\u00e4n Aleksandran kirkon apulaisis\u00e4nn\u00f6itsij\u00e4ksi ja p\u00e4\u00e4is\u00e4nn\u00f6itsij\u00e4 h\u00e4nest\u00e4 puolestaan tuli 2023.&nbsp;<\/p>\n\n\n\n<p class=\"wp-block-paragraph\">&#8211; Ennen apulaisis\u00e4nn\u00f6itsij\u00e4ksi tuloani olin liittynyt kirkkoon muutamaa vuotta aiemmin. Kun palasin ulkomailta Suomeen, seurakunnasta tuli my\u00f6s v\u00e4yl\u00e4 kiinnitty\u00e4 takaisin kotimaahan. N\u00e4in yhteys hiljalleen rakentui ihmisiin ja koko yhteis\u00f6\u00f6n.<\/p>\n\n\n\n<p class=\"wp-block-paragraph\">Kaisa kuvaa suhdettaan seurakuntaan molemminpuoliseksi antamiseksi. \u2013 Koen, ett\u00e4 olen saanut kirkolta paljon ja se on kantanut monissa el\u00e4m\u00e4nvaiheissa. Niinp\u00e4 oma palveluteht\u00e4v\u00e4 tuntuu yksinomaan luontevalta tavalta antaa jotain takaisin. T\u00e4st\u00e4 vastavuoroisuudesta syntyy paljon iloa rakkaasta seurakunnasta.<\/p>\n\n\n\n<p class=\"wp-block-paragraph\">Ortodoksina parisenkymment\u00e4 vuotta ollut Kaisa pohtii yhteiskunnan ja kirkon muutosta t\u00e4n\u00e4 ajanjaksona. Kirkosta kiinnostuneiden ja siihen liittyneiden m\u00e4\u00e4r\u00e4 on kasvussa. Lis\u00e4ksi on tapahtunut kansainv\u00e4listymist\u00e4.&nbsp;<\/p>\n\n\n\n<p class=\"wp-block-paragraph\">&#8211; Turussa on aina ollut ihmisi\u00e4 erilaisista taustoista, mutta nyt tuntuu, ett\u00e4 entist\u00e4kin moninaisempi joukko on l\u00f6yt\u00e4nyt kirkon. T\u00e4m\u00e4 tuo mukanaan tietenkin iloa, mutta my\u00f6s k\u00e4yt\u00e4nn\u00f6n haasteita. On pohdittava tilojen riitt\u00e4vyytt\u00e4 esimerkiksi turvallisuuden n\u00e4k\u00f6kulmasta sek\u00e4 eri kieliryhmien huomioimista. Mutta vaikka kaikkien ja kokonaisuuden huomioiminen on hyvin vaikeaa, ollaan asioita saatu hienosti my\u00f6s ratkaistua. Kuvailisin nykyist\u00e4 ilmapiiri\u00e4 vastaanottavaksi ja huomioivaksi, Kaisa sanoo.<\/p>\n\n\n\n<p class=\"wp-block-paragraph\">Kaisa kokee, ett\u00e4 seurakuntalaisuuden ytimess\u00e4 on yhteinen jumalanpalvelusel\u00e4m\u00e4. \u2013 Yhteinen ehtoollinen ja palvelus tuo yhteen ihmisi\u00e4, joita ei muissa yhteydess\u00e4 v\u00e4ltt\u00e4m\u00e4tt\u00e4 tapaisi lainkaan. Oma el\u00e4m\u00e4ni on rikastunut uusilla tuttavuuksilla ja my\u00f6s eri-ik\u00e4iset ihmiset tapaavat kirkossa toisiaan. Nykyisin seurakunta tuo el\u00e4m\u00e4\u00e4ni yhteenkuuluvuutta ja pysyvyytt\u00e4, kuulumisen paikan. Se on t\u00e4rke\u00e4\u00e4 jo siksi, ett\u00e4 nykyajan yksil\u00f6\u00e4 ja h\u00e4nen p\u00e4rj\u00e4\u00e4mist\u00e4\u00e4n ihannoiva kulttuuri tarvitsee rinnalleen selkeit\u00e4 ryhmi\u00e4, joihin voi kuulua omine heikkouksineenkin.&nbsp;<\/p>\n\n\n\n<p class=\"wp-block-paragraph\">Is\u00e4nn\u00f6itsij\u00e4n n\u00e4k\u00f6kulmasta tuleva p\u00e4\u00e4kirkon&nbsp; juhlavuosi ja remontti tuovat mukanaan j\u00e4nnitt\u00e4v\u00e4 asioita. Palveluksia joudutaan toimittamaan v\u00e4ist\u00f6tiloissa ja edess\u00e4 on v\u00e4ist\u00e4m\u00e4tt\u00e4 my\u00f6s muita k\u00e4yt\u00e4nt\u00f6ihin liittyvi\u00e4 kompromisseja.&nbsp;<\/p>\n\n\n\n<p class=\"wp-block-paragraph\">&#8211; Uskon ja toivon, ett\u00e4 poikkeusoloissakin seurakuntalaiset l\u00f6yt\u00e4v\u00e4t itse ytimen, eli jumalanpalvelusten \u00e4\u00e4reen. Toivon yksinkertaisesti, ett\u00e4 l\u00f6yd\u00e4mme kaikki kirkkoon ja voimme auttaa toisiamme sinne sek\u00e4 l\u00f6yt\u00e4m\u00e4\u00e4n ett\u00e4 p\u00e4\u00e4sem\u00e4\u00e4n. Sitten tarvitaan luonnollisesti pitk\u00e4mielisyytt\u00e4 ja armollisuutta toisiamme ja erityisesti ty\u00f6ntekij\u00f6it\u00e4 kohtaan. Keskeisen\u00e4 ajatuksena tietysti on, ett\u00e4 my\u00f6s tulevat sukupolvet p\u00e4\u00e4sev\u00e4t viett\u00e4m\u00e4\u00e4n tulevaisuuden juhlavuosia kauniissa kirkossamme.<\/p>\n\n\n\n<p class=\"wp-block-paragraph\"><\/p>\n\n\n\n<p class=\"wp-block-paragraph\">Kolmantena meit\u00e4 tervehtii ukrainalainen Anastasiia Serputko.<\/p>\n\n\n\n<p class=\"wp-block-paragraph\">&#8211; Hei, olen Anastasiia ja olen 11-vuotias. Olen asunut nelj\u00e4 vuotta Suomessa ja olen ukrainalainen. Harrastan voimistelua ja laulan kirkon lastenkuorossa.<\/p>\n\n\n\n<p class=\"wp-block-paragraph\">Anastasiia kertoo, ett\u00e4 seurakunnassa on h\u00e4nest\u00e4 paljon tekemist\u00e4 lapsille ja sinne on my\u00f6s mukava tulla.&nbsp;<\/p>\n\n\n\n<p class=\"wp-block-paragraph\">&#8211; Perheellemme usko on t\u00e4rke\u00e4\u00e4 ja tykk\u00e4\u00e4mme k\u00e4yd\u00e4 kirkossa. Seurakunnassa voi tavata muita ihmisi\u00e4. Siell\u00e4 ihmiset ovat yst\u00e4v\u00e4llisi\u00e4 ja avoimia. Uusien yst\u00e4vien saaminen on ollut tosi t\u00e4rke\u00e4\u00e4, kun olemme muuttaneet t\u00e4nne toisesta maasta.<\/p>\n\n\n\n<p class=\"wp-block-paragraph\">Lapsikuorossa Anastasiia kehuu kuoron tunnelmaa ja sit\u00e4, ett\u00e4 my\u00f6s kuorossa on aina mukava olla. Tietysti on viel\u00e4 hauskempaa, kun kuoro pit\u00e4\u00e4 pieni\u00e4 juhlia ja viett\u00e4\u00e4 muutenkin aikaa yhdess\u00e4. Sama p\u00e4tee seurakunnan retkiin ja tapahtumiin.<\/p>\n\n\n\n<p class=\"wp-block-paragraph\">&#8211; Kun muutimme Suomeen, moni asia el\u00e4m\u00e4ss\u00e4mme muuttui. Kirkossa meid\u00e4t otettiin l\u00e4mpim\u00e4sti vastaan ja olemme saaneet kokea olevamme tervetulleita. Suomessa on rauhallinen ilmapiiri ja on hienoa, ett\u00e4 eri taustoista tulevat ihmiset voivat olla yhdess\u00e4, tulivatpa he mist\u00e4 maasta tahansa.&nbsp;<\/p>\n\n\n\n<p class=\"wp-block-paragraph\">Lopuksi Anastasiia muistuttaa kaikkein t\u00e4rkeimm\u00e4st\u00e4: &#8211; Kirkko on meille t\u00e4rke\u00e4 paikka. Siell\u00e4 voi rukoilla ja viett\u00e4\u00e4 aikaa ihmisten kanssa. Kirkossa on aina joku, jonka kanssa voi jutella ja olla yhdess\u00e4.&nbsp;<\/p>\n\n\n\n<p class=\"wp-block-paragraph\"><\/p>\n\n\n\n<p class=\"wp-block-paragraph\"><\/p>\n","protected":false},"excerpt":{"rendered":"<p>Julkaistu Kupolissa 2\/2026 Kannattaa maistaa ja katsoa! Ulla-Maija Lajunen on n\u00e4hnyt ja osallistunut ortodoksisen kirkon el\u00e4m\u00e4\u00e4n yli 50 vuoden ajan. Luterilaiseen perheeseen syntyneen Ulla-Maijan ensimm\u00e4inen kipin\u00e4 ortodoksisuuteen syttyi koulukaverin perheen kodissa olleesta ikonista ja sen edess\u00e4 tehdyst\u00e4 ristinmerkist\u00e4. Uteliaisuus oli her\u00e4nnyt, ja aluksi ortodoksisuus oli j\u00e4\u00e4nyt mieleen \u201dkivana kummajaisena\u201d. &#8211; Sitten koitti opettajaksi valmistautumisen hetki&hellip; <a class=\"continue\" href=\"https:\/\/ort.fi\/turku\/2026\/09\/01\/kannattaa-maistaa-ja-katsoa\/\">Continue Reading<span> Kannattaa maistaa ja katsoa!<\/span><\/a><\/p>\n","protected":false},"author":13,"featured_media":965,"comment_status":"closed","ping_status":"closed","sticky":false,"template":"","format":"standard","meta":{"slim_seo":{"title":"Kannattaa maistaa ja katsoa! - Turun ortodoksinen seurakunta","description":"Julkaistu Kupolissa 2\/2026 Kannattaa maistaa ja katsoa! Ulla-Maija Lajunen on n\u00e4hnyt ja osallistunut ortodoksisen kirkon el\u00e4m\u00e4\u00e4n yli 50 vuoden ajan. Luterilaise"},"_slim_seo_primary_term_category":0,"_slim_seo_primary_term_post_tag":0,"footnotes":""},"categories":[23],"tags":[],"class_list":["post-11851","post","type-post","status-publish","format-standard","has-post-thumbnail","hentry","category-lang-fi"],"_links":{"self":[{"href":"https:\/\/ort.fi\/turku\/wp-json\/wp\/v2\/posts\/11851","targetHints":{"allow":["GET"]}}],"collection":[{"href":"https:\/\/ort.fi\/turku\/wp-json\/wp\/v2\/posts"}],"about":[{"href":"https:\/\/ort.fi\/turku\/wp-json\/wp\/v2\/types\/post"}],"author":[{"embeddable":true,"href":"https:\/\/ort.fi\/turku\/wp-json\/wp\/v2\/users\/13"}],"replies":[{"embeddable":true,"href":"https:\/\/ort.fi\/turku\/wp-json\/wp\/v2\/comments?post=11851"}],"version-history":[{"count":1,"href":"https:\/\/ort.fi\/turku\/wp-json\/wp\/v2\/posts\/11851\/revisions"}],"predecessor-version":[{"id":11853,"href":"https:\/\/ort.fi\/turku\/wp-json\/wp\/v2\/posts\/11851\/revisions\/11853"}],"wp:featuredmedia":[{"embeddable":true,"href":"https:\/\/ort.fi\/turku\/wp-json\/wp\/v2\/media\/965"}],"wp:attachment":[{"href":"https:\/\/ort.fi\/turku\/wp-json\/wp\/v2\/media?parent=11851"}],"wp:term":[{"taxonomy":"category","embeddable":true,"href":"https:\/\/ort.fi\/turku\/wp-json\/wp\/v2\/categories?post=11851"},{"taxonomy":"post_tag","embeddable":true,"href":"https:\/\/ort.fi\/turku\/wp-json\/wp\/v2\/tags?post=11851"}],"curies":[{"name":"wp","href":"https:\/\/api.w.org\/{rel}","templated":true}]}}