{"id":11689,"date":"2026-07-27T09:06:35","date_gmt":"2026-07-27T06:06:35","guid":{"rendered":"https:\/\/ort.fi\/turku\/?p=11689"},"modified":"2026-09-01T14:33:10","modified_gmt":"2026-09-01T11:33:10","slug":"pyhan-aleksandran-kirkon-180-vuotisjuhla","status":"publish","type":"post","link":"https:\/\/ort.fi\/turku\/2026\/07\/27\/pyhan-aleksandran-kirkon-180-vuotisjuhla\/","title":{"rendered":"Pyh\u00e4n Aleksandran kirkon 180-vuotisjuhla"},"content":{"rendered":"\n<p class=\"wp-block-paragraph\">Seurakuntamme p\u00e4\u00e4pyh\u00e4kk\u00f6, Pyh\u00e4n Aleksandran kirkko, t\u00e4ytt\u00e4\u00e4 t\u00e4n\u00e4 vuonna 180 vuotta. Juhlavuoden p\u00e4\u00e4tapahtumaa vietet\u00e4\u00e4n sunnuntaina 27.9.2026. P\u00e4\u00e4juhlaan osallistuminen vaatii ilmoittautumisen. Ilmoittautumisaika on <strong>1.-15.9.<\/strong> Monipuolista ja yhteis\u00f6llist\u00e4 ohjelmaa on luvassa koko viikonlopun ajan. L\u00e4mpim\u00e4sti tervetuloa!<\/p>\n\n\n\n<p class=\"wp-block-paragraph\">Ohjelma tapahtuu Pyh\u00e4n Aleksandran kirkossa (Yliopistokatu 19) ja sen edustalla, ellei toisin mainita.<\/p>\n\n\n\n<p class=\"wp-block-paragraph\" style=\"font-size:18px\"><strong><em>Juhlaohjelma:<\/em><\/strong><\/p>\n\n\n\n<p class=\"wp-block-paragraph\" style=\"font-size:18px\"><strong>Perjantai 25.9.<br><\/strong>klo 19.00 Naiskvartetti Murusten ja N\u00e4sinneulakvartetin yhteiskonsertti<\/p>\n\n\n\n<p class=\"wp-block-paragraph\"><strong>Lauantai 26.9.<\/strong><br><\/p>\n\n\n\n<p class=\"wp-block-paragraph\">klo 11.00 kirkko avautuu yleis\u00f6lle<\/p>\n\n\n\n<p class=\"wp-block-paragraph\">klo 12.45 kirkonkellojen soittokonsertti (15min)<\/p>\n\n\n\n<p class=\"wp-block-paragraph\">klo 13.00\u201317.00 Monikulttuurinen pihajuhla: Tule nauttimaan seurakuntalaisten rikkaasta kulttuuriperinn\u00f6st\u00e4 ruuan ja yhdess\u00e4olon merkeiss\u00e4! Seurakunnan eri toimintapiirit ja ryhm\u00e4t myyv\u00e4t kirkon pihalla herkkuja. <\/p>\n\n\n\n<p class=\"wp-block-paragraph\">Avoimet opastukset kirkossa eri kielill\u00e4:<\/p>\n\n\n\n<p class=\"wp-block-paragraph\">klo 12.30 (suomi), klo 13.00 (ruotsi), klo 13.30 (englanti), klo 14.00 (romania), klo 14.30 (kreikka), klo 15.00 (ukraina), klo 15.30 (ven\u00e4j\u00e4)<\/p>\n\n\n\n<p class=\"wp-block-paragraph\">klo 16.30 Litania p. Aleksandran kirkon rakentajille, toimi- ja luottamushenkil\u00f6ille<\/p>\n\n\n\n<p class=\"wp-block-paragraph\">klo 17.00 Suuri ehtoopalvelus<\/p>\n\n\n\n<p class=\"wp-block-paragraph\">klo 18.30 Turun ortodoksisen kirkon kuoron konsertti<\/p>\n\n\n\n<p class=\"wp-block-paragraph\"><strong>Sunnuntai 27.9.<\/strong><br>klo 10 juhlaliturgia ja ristisaatto, jonka j\u00e4lkeen n. klo 13 p\u00e4\u00e4juhla Akatemiatalon juhlasalissa (Rothoviuksenkatu 1, Turku). Liturgia radioidaan ja taltiointi on kuultavana Yle Radio 1:ss\u00e4 su 4.10. klo 20.<\/p>\n\n\n\n<p class=\"wp-block-paragraph\"><strong>Huom. p\u00e4\u00e4juhlaan ja ruokailuun vaaditaan ennakkoilmoittautuminen! Paikkoja rajoitetusti.<\/strong> Paikat t\u00e4ytet\u00e4\u00e4n ilmoittautumisj\u00e4rjestyksess\u00e4. Aikuisten osallistumismaksu on 15 \u20ac\/hl\u00f6, lasten (3\u201312 v.) 10 \u20ac\/hl\u00f6. Alle 3-vuotiaat juhlivat ilmaiseksi. Ilmoittautumislomake on auki 1.-15.9.2026 osoitteessa. <br><a href=\"https:\/\/ort.fi\/turku\/2026\/07\/27\/ilmoittautuminen-su-27-9-paajuhlaan\/\">https:\/\/ort.fi\/turku\/2026\/07\/27\/ilmoittautuminen-su-27-9-paajuhlaan\/<\/a> <\/p>\n\n\n\n<p class=\"wp-block-paragraph\"><strong>Maanantai 28.9.<\/strong><br>klo 19 Pyhyyden ja Vapauden kaiut -hyv\u00e4ntekev\u00e4isyyskonsertti kirkon juhlavuoden kunniaksi, paikka Mikaelinkirkko (Puistokatu 16, Turku)<\/p>\n\n\n\n<p class=\"wp-block-paragraph\"><\/p>\n","protected":false},"excerpt":{"rendered":"<p>Seurakuntamme p\u00e4\u00e4pyh\u00e4kk\u00f6, Pyh\u00e4n Aleksandran kirkko, t\u00e4ytt\u00e4\u00e4 t\u00e4n\u00e4 vuonna 180 vuotta. Juhlavuoden p\u00e4\u00e4tapahtumaa vietet\u00e4\u00e4n sunnuntaina 27.9.2026. P\u00e4\u00e4juhlaan osallistuminen vaatii ilmoittautumisen. Ilmoittautumisaika on 1.-15.9. Monipuolista ja yhteis\u00f6llist\u00e4 ohjelmaa on luvassa koko viikonlopun ajan. L\u00e4mpim\u00e4sti tervetuloa! Ohjelma tapahtuu Pyh\u00e4n Aleksandran kirkossa (Yliopistokatu 19) ja sen edustalla, ellei toisin mainita. Juhlaohjelma: Perjantai 25.9.klo 19.00 Naiskvartetti Murusten ja N\u00e4sinneulakvartetin yhteiskonsertti&hellip; <a class=\"continue\" href=\"https:\/\/ort.fi\/turku\/2026\/07\/27\/pyhan-aleksandran-kirkon-180-vuotisjuhla\/\">Continue Reading<span> Pyh\u00e4n Aleksandran kirkon 180-vuotisjuhla<\/span><\/a><\/p>\n","protected":false},"author":13,"featured_media":11691,"comment_status":"closed","ping_status":"closed","sticky":true,"template":"","format":"standard","meta":{"slim_seo":{"title":"Pyh\u00e4n Aleksandran kirkon 180-vuotisjuhla - Turun ortodoksinen seurakunta","description":"Seurakuntamme p\u00e4\u00e4pyh\u00e4kk\u00f6, Pyh\u00e4n Aleksandran kirkko, t\u00e4ytt\u00e4\u00e4 t\u00e4n\u00e4 vuonna 180 vuotta. Juhlavuoden p\u00e4\u00e4tapahtumaa vietet\u00e4\u00e4n sunnuntaina 27.9.2026. P\u00e4\u00e4juhlaan osalli"},"_slim_seo_primary_term_category":101,"_slim_seo_primary_term_post_tag":0,"footnotes":""},"categories":[89,101,23],"tags":[],"class_list":["post-11689","post","type-post","status-publish","format-standard","has-post-thumbnail","hentry","category-180-vuotisjuhla","category-kiinnitetty-etusivulle","category-lang-fi"],"_links":{"self":[{"href":"https:\/\/ort.fi\/turku\/wp-json\/wp\/v2\/posts\/11689","targetHints":{"allow":["GET"]}}],"collection":[{"href":"https:\/\/ort.fi\/turku\/wp-json\/wp\/v2\/posts"}],"about":[{"href":"https:\/\/ort.fi\/turku\/wp-json\/wp\/v2\/types\/post"}],"author":[{"embeddable":true,"href":"https:\/\/ort.fi\/turku\/wp-json\/wp\/v2\/users\/13"}],"replies":[{"embeddable":true,"href":"https:\/\/ort.fi\/turku\/wp-json\/wp\/v2\/comments?post=11689"}],"version-history":[{"count":8,"href":"https:\/\/ort.fi\/turku\/wp-json\/wp\/v2\/posts\/11689\/revisions"}],"predecessor-version":[{"id":12149,"href":"https:\/\/ort.fi\/turku\/wp-json\/wp\/v2\/posts\/11689\/revisions\/12149"}],"wp:featuredmedia":[{"embeddable":true,"href":"https:\/\/ort.fi\/turku\/wp-json\/wp\/v2\/media\/11691"}],"wp:attachment":[{"href":"https:\/\/ort.fi\/turku\/wp-json\/wp\/v2\/media?parent=11689"}],"wp:term":[{"taxonomy":"category","embeddable":true,"href":"https:\/\/ort.fi\/turku\/wp-json\/wp\/v2\/categories?post=11689"},{"taxonomy":"post_tag","embeddable":true,"href":"https:\/\/ort.fi\/turku\/wp-json\/wp\/v2\/tags?post=11689"}],"curies":[{"name":"wp","href":"https:\/\/api.w.org\/{rel}","templated":true}]}}