{"id":14199,"date":"2026-03-08T17:46:57","date_gmt":"2026-03-08T15:46:57","guid":{"rendered":"https:\/\/ort.fi\/kuopionjakarjalanhiippakunta\/?p=14199"},"modified":"2026-03-09T14:08:06","modified_gmt":"2026-03-09T12:08:06","slug":"neljas-paastoviikko-publikaani-samarialainen-ja-siinailainen","status":"publish","type":"post","link":"https:\/\/ort.fi\/kuopionjakarjalanhiippakunta\/2026\/03\/08\/neljas-paastoviikko-publikaani-samarialainen-ja-siinailainen\/","title":{"rendered":"Nelj\u00e4s paastoviikko \u2013 publikaani, samarialainen ja siinailainen"},"content":{"rendered":"\n<p>Nelj\u00e4nnell\u00e4 paastoviikolla on ristinkumartamisen sunnuntain ja suuren paaston puoliv\u00e4lin j\u00e4lkijuhlat. Viikon toinen teema on fariseus ja publikaani (Luuk. 18: 9\u201314).<\/p>\n\n\n\n<p><strong>Joosef Hymnografoksen<\/strong> (812\u2013886) stikiiroja fariseuksesta ja publikaanista:<\/p>\n\n\n\n<p><em>\u201dMuista sieluni kehuskelevaa fariseusta, joka omahyv\u00e4isyytens\u00e4 takia tuomittiin, ja n\u00f6yr\u00e4mielist\u00e4 publikaania, joka tunnusti syntins\u00e4 ja tuli vanhurskautetuksi. Koeta, sieluni, fariseuksen mielett\u00f6myys vaihtaa hyveeseen ja tunnustaa publikaanin tavoin tekem\u00e4si rikkomukset. Her\u00e4\u00e4 ja himojesi hillitsemisell\u00e4 saavuta pysyv\u00e4inen hengellinen korkeus, jonka armosta rikas Kristus sinulle antaa\u201d<\/em> (nelj\u00e4nnen viikon tiistain aamupalveluksen ensimm\u00e4inen virrelm\u00e4stikiira 8. s\u00e4velm\u00e4).<\/p>\n\n\n\n<p><em>\u201dMin\u00e4 rikkomuksillani voitan publikaanin, mutta en kilpaile t\u00e4m\u00e4n kanssa synninkatumuksessa; en omista fariseuksen hyvi\u00e4 tekoja, mutta matkin h\u00e4nen itseluuloaan. Sin\u00e4 taas, Kristus Jumala, joka olet \u00e4\u00e4rett\u00f6m\u00e4ll\u00e4 n\u00f6yryydell\u00e4si kukistanut ristill\u00e4 pahan hengen ylpeyden poista minusta edellisen paheet sek\u00e4 j\u00e4lkimm\u00e4isen mielett\u00f6myys ja lujita sielussani se hyv\u00e4 mielentila, mik\u00e4 kummallakin heist\u00e4 oli, ja pelasta minut!\u201d<\/em> (nelj\u00e4nnen viikon tiistain ehtoopalveluksen ensimm\u00e4inen virrelm\u00e4stikiira 3. s\u00e4velm\u00e4).<\/p>\n\n\n\n<p>Nelj\u00e4nnell\u00e4, viidennell\u00e4 ja kuudennella paastoviikolla luetaan ennenpyhitettyjen lahjojen liturgiassa katekumeenien ekteniassa rukous p\u00e4\u00e4si\u00e4isen\u00e4 kirkkoon liittyvien puolesta.<\/p>\n\n\n\n<p><em>\u201dK\u00e4\u00e4nn\u00e4, Herra, katseesi niiden puoleen, jotka valmistautuvat kasteen pyh\u00e4\u00e4n valistukseen ja jotka tahtovat puhdistaa itsens\u00e4 synnin saastaisuudesta. Valaise heid\u00e4n mielens\u00e4. Vahvista heid\u00e4n uskonsa. Tee lujaksi heid\u00e4n toivonsa ja t\u00e4ydelliseksi heid\u00e4n rakkautensa. Tee heid\u00e4t sielujemme lunnaaksi itsens\u00e4 antaneen Kristuksesi arvokkaiksi j\u00e4seniksi. Sill\u00e4 Sin\u00e4 olet meid\u00e4n valomme ja me kunnioitusta edeskannamme Sinulle, Is\u00e4, Poika ja Pyh\u00e4 Henki, nyt ja aina ja iankaikkisesti.\u201d<\/em><\/p>\n\n\n\n<p>Lauantai nelj\u00e4nnell\u00e4 paastoviikolla on kolmas ja samalla viimeinen vainajien muistolauantai suuressa paastossa:<\/p>\n\n\n\n<p><em>\u201dArmollinen, ihmisi\u00e4 rakastava Herra, p\u00e4\u00e4st\u00e4 synneist\u00e4\u00e4n vapaiksi ne, jotka ovat muuttaneet luoksesi, anna ne heille anteeksi ja saata heid\u00e4t lepoon valittujesi majoihin, sill\u00e4 Sin\u00e4 olet El\u00e4m\u00e4 ja Yl\u00f6snousemus\u201d <\/em>(lauantain aamupalveluksen kanonin yhdeks\u00e4nnen oodin tropari).<\/p>\n\n\n\n<p>Paaston nelj\u00e4nten\u00e4 sunnuntaina on kaksi teemaa. Niist\u00e4 ensimm\u00e4inen k\u00e4sittelee laupiasta samarialaista (Luuk. 10: 30\u201337). Sunnuntain aamupalveluksen ensimm\u00e4inen kanoni on omistettu laupiaan samarialaisen muistolle:<\/p>\n\n\n\n<p><em>\u201dKristus Vapahtaja, min\u00e4 olen tullut rosvojen k\u00e4siin joutuneen ja heid\u00e4n haavoittamaan puolikuolleeksi j\u00e4tetyn kaltaiseksi, sill\u00e4 olen samalla tavoin t\u00e4ynn\u00e4 syntieni haavoja\u201d <\/em>(kanonin ensimm\u00e4inen tropari).<\/p>\n\n\n\n<p><em>\u201dTuskissaan h\u00e4n huusi Sinulle, Vapahtaja: \u00c4l\u00e4 ylenkatso minua, joka olen hirve\u00e4sti sairas, vaikka olenkin antanut ry\u00f6v\u00e4rien ry\u00f6st\u00e4\u00e4 Sinun rikkautesi! Min\u00e4kin rukoilen n\u00e4in: Ole armollinen ja pelasta minut!\u201d <\/em>(kanonin toinen tropari).<em><\/em><\/p>\n\n\n\n<p><em>\u201dKristus Vapahtaja, paranna minut, sill\u00e4 v\u00e4\u00e4rien ja pahojen ajatusten ry\u00f6v\u00e4rit ovat synnin ruoskin ruoskineet minun mieleni! Pelasta minut, oi armorikas!\u201d<\/em> (kanonin kolmas tropari).<\/p>\n\n\n\n<p>Nelj\u00e4nnen paastosunnuntain toinen muisto on pyhitt\u00e4j\u00e4 <strong>Johannes Siinailainen<\/strong> (579\u2013649).<\/p>\n\n\n\n<p><strong>Ioannes Fountouliksen<\/strong> (1927\u20132007) mukaan suuressa paastossa ei vietetty pyhien juhlia. T\u00e4st\u00e4 syyst\u00e4 niin <strong>Gregorios Palamaksen<\/strong> (1296\u20131359) kuin Johannes Siinailaisen muistot siirrettiin sunnuntaip\u00e4iviksi. Palamaksen muistop\u00e4iv\u00e4 siirtyi marraskuun 14:st\u00e4 p\u00e4iv\u00e4st\u00e4 suuren paaston toiseen sunnuntaihin. Johannes Siinailaisen muisto siirrettiin maaliskuun 30:sta nelj\u00e4nteen paastosunnuntaihin.<\/p>\n\n\n\n<p><em>\u201dKunnioittakaamme Johannesta, maan p\u00e4\u00e4ll\u00e4 olevaa enkeli\u00e4 ja taivaissa olevaa Jumalan ihmist\u00e4, maailman oikeata koristusta, hyvyydell\u00e4\u00e4n ja hyvill\u00e4 teoillaan ihmisi\u00e4 ilahduttavaa, &#8211; h\u00e4nt\u00e4, josta itsens\u00e4kielt\u00e4j\u00e4t kerskaavat! Sill\u00e4 istutettuna Jumalan huoneeseen h\u00e4n kukoisti hurskaasti ja niin kuin seetripuu er\u00e4maassa enensi pyhyydell\u00e4\u00e4n ja vanhurskaudellaan Kristuksen hengellisten lammasten laumat\u201d<\/em> (nelj\u00e4nnen sunnuntain ehtoopalveluksen virrelm\u00e4stikiiroiden doksastikon 2. s\u00e4velm\u00e4).<\/p>\n\n\n\n<p>8.3.2026<\/p>\n\n\n\n<figure class=\"wp-block-gallery has-nested-images columns-default is-cropped wp-block-gallery-1 is-layout-flex wp-block-gallery-is-layout-flex\">\n<figure class=\"wp-block-image size-large\"><img fetchpriority=\"high\" decoding=\"async\" width=\"573\" height=\"1024\" data-id=\"14207\" src=\"https:\/\/ort.fi\/kuopionjakarjalanhiippakunta\/wp-content\/uploads\/2026\/03\/Neljas-paastoviikko_1-573x1024.jpg\" alt=\"\" class=\"wp-image-14207\" srcset=\"https:\/\/ort.fi\/kuopionjakarjalanhiippakunta\/wp-content\/uploads\/2026\/03\/Neljas-paastoviikko_1-573x1024.jpg 573w, https:\/\/ort.fi\/kuopionjakarjalanhiippakunta\/wp-content\/uploads\/2026\/03\/Neljas-paastoviikko_1-168x300.jpg 168w, https:\/\/ort.fi\/kuopionjakarjalanhiippakunta\/wp-content\/uploads\/2026\/03\/Neljas-paastoviikko_1-768x1373.jpg 768w, https:\/\/ort.fi\/kuopionjakarjalanhiippakunta\/wp-content\/uploads\/2026\/03\/Neljas-paastoviikko_1-859x1536.jpg 859w, https:\/\/ort.fi\/kuopionjakarjalanhiippakunta\/wp-content\/uploads\/2026\/03\/Neljas-paastoviikko_1-1146x2048.jpg 1146w, https:\/\/ort.fi\/kuopionjakarjalanhiippakunta\/wp-content\/uploads\/2026\/03\/Neljas-paastoviikko_1-scaled.jpg 1432w\" sizes=\"(max-width: 573px) 100vw, 573px\" \/><\/figure>\n\n\n\n<figure class=\"wp-block-image size-large\"><img decoding=\"async\" width=\"539\" height=\"1024\" data-id=\"14209\" src=\"https:\/\/ort.fi\/kuopionjakarjalanhiippakunta\/wp-content\/uploads\/2026\/03\/Neljas-paastoviikko_2-539x1024.jpg\" alt=\"\" class=\"wp-image-14209\" srcset=\"https:\/\/ort.fi\/kuopionjakarjalanhiippakunta\/wp-content\/uploads\/2026\/03\/Neljas-paastoviikko_2-539x1024.jpg 539w, https:\/\/ort.fi\/kuopionjakarjalanhiippakunta\/wp-content\/uploads\/2026\/03\/Neljas-paastoviikko_2-158x300.jpg 158w, https:\/\/ort.fi\/kuopionjakarjalanhiippakunta\/wp-content\/uploads\/2026\/03\/Neljas-paastoviikko_2-768x1459.jpg 768w, https:\/\/ort.fi\/kuopionjakarjalanhiippakunta\/wp-content\/uploads\/2026\/03\/Neljas-paastoviikko_2-809x1536.jpg 809w, https:\/\/ort.fi\/kuopionjakarjalanhiippakunta\/wp-content\/uploads\/2026\/03\/Neljas-paastoviikko_2-1078x2048.jpg 1078w, https:\/\/ort.fi\/kuopionjakarjalanhiippakunta\/wp-content\/uploads\/2026\/03\/Neljas-paastoviikko_2-scaled.jpg 1348w\" sizes=\"(max-width: 539px) 100vw, 539px\" \/><\/figure>\n\n\n\n<figure class=\"wp-block-image size-large\"><img decoding=\"async\" width=\"492\" height=\"1024\" data-id=\"14203\" src=\"https:\/\/ort.fi\/kuopionjakarjalanhiippakunta\/wp-content\/uploads\/2026\/03\/Neljas-paastoviikko_3-492x1024.jpg\" alt=\"\" class=\"wp-image-14203\" srcset=\"https:\/\/ort.fi\/kuopionjakarjalanhiippakunta\/wp-content\/uploads\/2026\/03\/Neljas-paastoviikko_3-492x1024.jpg 492w, https:\/\/ort.fi\/kuopionjakarjalanhiippakunta\/wp-content\/uploads\/2026\/03\/Neljas-paastoviikko_3-144x300.jpg 144w, https:\/\/ort.fi\/kuopionjakarjalanhiippakunta\/wp-content\/uploads\/2026\/03\/Neljas-paastoviikko_3-768x1598.jpg 768w, https:\/\/ort.fi\/kuopionjakarjalanhiippakunta\/wp-content\/uploads\/2026\/03\/Neljas-paastoviikko_3-738x1536.jpg 738w, https:\/\/ort.fi\/kuopionjakarjalanhiippakunta\/wp-content\/uploads\/2026\/03\/Neljas-paastoviikko_3.jpg 966w\" sizes=\"(max-width: 492px) 100vw, 492px\" \/><\/figure>\n\n\n\n<figure class=\"wp-block-image size-large\"><img loading=\"lazy\" decoding=\"async\" width=\"292\" height=\"1024\" data-id=\"14205\" src=\"https:\/\/ort.fi\/kuopionjakarjalanhiippakunta\/wp-content\/uploads\/2026\/03\/Neljas-paastoviikko_4-292x1024.jpg\" alt=\"\" class=\"wp-image-14205\" srcset=\"https:\/\/ort.fi\/kuopionjakarjalanhiippakunta\/wp-content\/uploads\/2026\/03\/Neljas-paastoviikko_4-292x1024.jpg 292w, https:\/\/ort.fi\/kuopionjakarjalanhiippakunta\/wp-content\/uploads\/2026\/03\/Neljas-paastoviikko_4-scaled.jpg 731w\" sizes=\"(max-width: 292px) 100vw, 292px\" \/><\/figure>\n<\/figure>\n","protected":false},"excerpt":{"rendered":"<p>Nelj\u00e4nnell\u00e4 paastoviikolla on ristinkumartamisen sunnuntain ja suuren paaston puoliv\u00e4lin j\u00e4lkijuhlat. Viikon toinen teema on fariseus ja publikaani (Luuk. 18: 9\u201314). Joosef Hymnografoksen (812\u2013886) stikiiroja fariseuksesta ja publikaanista: \u201dMuista sieluni kehuskelevaa fariseusta, joka omahyv\u00e4isyytens\u00e4 takia tuomittiin, ja n\u00f6yr\u00e4mielist\u00e4 publikaania, joka tunnusti syntins\u00e4 ja tuli vanhurskautetuksi. Koeta, sieluni, fariseuksen mielett\u00f6myys vaihtaa hyveeseen ja tunnustaa publikaanin tavoin tekem\u00e4si [&hellip;]<\/p>\n","protected":false},"author":7,"featured_media":14201,"comment_status":"closed","ping_status":"open","sticky":false,"template":"","format":"standard","meta":{"_eb_attr":"","footnotes":""},"categories":[43],"tags":[],"class_list":["post-14199","post","type-post","status-publish","format-standard","has-post-thumbnail","hentry","category-kirkkovuosi"],"_links":{"self":[{"href":"https:\/\/ort.fi\/kuopionjakarjalanhiippakunta\/wp-json\/wp\/v2\/posts\/14199","targetHints":{"allow":["GET"]}}],"collection":[{"href":"https:\/\/ort.fi\/kuopionjakarjalanhiippakunta\/wp-json\/wp\/v2\/posts"}],"about":[{"href":"https:\/\/ort.fi\/kuopionjakarjalanhiippakunta\/wp-json\/wp\/v2\/types\/post"}],"author":[{"embeddable":true,"href":"https:\/\/ort.fi\/kuopionjakarjalanhiippakunta\/wp-json\/wp\/v2\/users\/7"}],"replies":[{"embeddable":true,"href":"https:\/\/ort.fi\/kuopionjakarjalanhiippakunta\/wp-json\/wp\/v2\/comments?post=14199"}],"version-history":[{"count":2,"href":"https:\/\/ort.fi\/kuopionjakarjalanhiippakunta\/wp-json\/wp\/v2\/posts\/14199\/revisions"}],"predecessor-version":[{"id":14217,"href":"https:\/\/ort.fi\/kuopionjakarjalanhiippakunta\/wp-json\/wp\/v2\/posts\/14199\/revisions\/14217"}],"wp:featuredmedia":[{"embeddable":true,"href":"https:\/\/ort.fi\/kuopionjakarjalanhiippakunta\/wp-json\/wp\/v2\/media\/14201"}],"wp:attachment":[{"href":"https:\/\/ort.fi\/kuopionjakarjalanhiippakunta\/wp-json\/wp\/v2\/media?parent=14199"}],"wp:term":[{"taxonomy":"category","embeddable":true,"href":"https:\/\/ort.fi\/kuopionjakarjalanhiippakunta\/wp-json\/wp\/v2\/categories?post=14199"},{"taxonomy":"post_tag","embeddable":true,"href":"https:\/\/ort.fi\/kuopionjakarjalanhiippakunta\/wp-json\/wp\/v2\/tags?post=14199"}],"curies":[{"name":"wp","href":"https:\/\/api.w.org\/{rel}","templated":true}]}}