{"id":12513,"date":"2025-09-07T05:50:53","date_gmt":"2025-09-07T02:50:53","guid":{"rendered":"https:\/\/ort.fi\/kuopionjakarjalanhiippakunta\/?p=12513"},"modified":"2025-09-07T05:51:34","modified_gmt":"2025-09-07T02:51:34","slug":"portaat-portti-ja-viisaus","status":"publish","type":"post","link":"https:\/\/ort.fi\/kuopionjakarjalanhiippakunta\/2025\/09\/07\/portaat-portti-ja-viisaus\/","title":{"rendered":"Portaat, portti ja viisaus"},"content":{"rendered":"\n<p>Marian vanhempien <strong>Joakimin<\/strong> ja <strong>Annan<\/strong> kotitalon yhteyteen Jerusalemin Stefanoksen portille vihittiin vuonna 438 ensimm\u00e4inen kirkko Marian syntym\u00e4n kunniaksi.<\/p>\n\n\n\n<p>Nykyinen Marian syntym\u00e4juhlan kirkko samalle paikalle Jerusalemissa valmistui vuonna 1140. Kirkko on Jerusalemin patriarkan katedraali.<\/p>\n\n\n\n<p>Marian syntym\u00e4juhla 8. syyskuuta on kirkkovuoden ensimm\u00e4inen suuri juhla. Sill\u00e4 on p\u00e4iv\u00e4n mittainen esijuhla (7.9.) ja nelj\u00e4 p\u00e4iv\u00e4\u00e4 kest\u00e4v\u00e4 j\u00e4lkijuhla (9.\u201312.9.).<\/p>\n\n\n\n<p>Jumalansynnytt\u00e4j\u00e4n syntym\u00e4juhlan ehtoopalveluksessa luetaan kolme profetiaa Mariasta.<\/p>\n\n\n\n<p>Ensimm\u00e4inen parimia (1. Moos. 28:10\u201317) on kertomus Jaakobin unesta, jossa kuvatut portaat ovat ennusmerkki maan ja taivaan yhdist\u00e4v\u00e4st\u00e4 Mariasta.<\/p>\n\n\n\n<p>Toinen profetia kuvaa Neitsytt\u00e4 taivaan porttina: <em>\u201dT\u00e4m\u00e4 portti pysyy suljettuna. Sit\u00e4 ei ole lupa avata, eik\u00e4 kukaan saa kulkea siit\u00e4. Herra, Israelin Jumala, on tullut siit\u00e4 temppeliin\u201d<\/em> (Hes. 43:27\u201344:4).<\/p>\n\n\n\n<p>Kolmas parimia (Sananl. 9:1\u201311) vertaa Jumalansynnytt\u00e4j\u00e4\u00e4 Jumalan viisauteen.<\/p>\n\n\n\n<p>Kolmas teema on erityisen t\u00e4rke\u00e4 ortodoksisessa mariologiassa. <strong>Pavel Florenski<\/strong> kirjoitti vuonna 1914 julkaistussa monumentaalisessa tutkimuksessaan <em>\u0421\u0442\u043e\u043b\u043f \u0438 \u0443\u0442\u0432\u0435\u0440\u0436\u0434\u0435\u043d\u0438\u0435 \u0438\u0441\u0442\u0438\u043d\u044b <\/em>Mariasta Jumalan viisautena<em>.<\/em><\/p>\n\n\n\n<p><strong>Sergei Bulgakovin <\/strong>mukaan juuri Neitsyt Maria on jumalallisen viisauden, <em>sofian<\/em>, inkarnaatio ja feminiininen prinsiippi luodussa maailmassa. Bulgakov n\u00e4ki, ett\u00e4 Marian syntym\u00e4n kautta kirkosta tulee silta, jolla Luojan ja luodun v\u00e4linen olemuksellinen ero katoaa.<\/p>\n\n\n\n<p>Maria, \u201dTaivaan Kuningatar\u201d esitell\u00e4\u00e4n syyskuun 8:nnen p\u00e4iv\u00e4n juhlan jumalanpalvelusteksteiss\u00e4 my\u00f6s psalmien kautta: <em>\u201dMinun syd\u00e4meni tulvii ihania sanoja; min\u00e4 lausun: kuninkaasta on minun lauluni\u201d<\/em> (Ps. 45:2), <em>\u201dIstu oikealle puolelleni. Min\u00e4 kukistan vihollisesi, panen heid\u00e4t jalkojesi alle, korokkeeksi valtaistuimesi eteen\u201d<\/em> (Ps. 110:1), <em>\u201dNouse, Herra, leposijaasi, sin\u00e4 ja sinun v\u00e4kevyytesi arkki\u201d<\/em> (Ps. 132:10).<\/p>\n\n\n\n<p>Neitsyt Marian el\u00e4m\u00e4st\u00e4 kertovat keskiajan homiliat perustuvat apokryfievankeliumeihin. Ne jaetaan kahteen ryhm\u00e4\u00e4n: kanonisiin ja ep\u00e4kanonisiin.<\/p>\n\n\n\n<p>Ensimm\u00e4iseen ryhm\u00e4\u00e4n kuuluvat Marian lapsuutta kuvaava Jaakobin protoevankeliumi ja Kristuksen tuonelaan laskeutumisesta kertova Nikodemuksen evankeliumi. Ep\u00e4kanonisia apokryfievankeliumeja ovat muun muassa gnostilaiset Tuomaksen, Filippuksen, Pietarin ja Juudaksen evankeliumit.<\/p>\n\n\n\n<p>Marian syntym\u00e4juhlan (8.9.) ja temppeliintuomisen juhlan (21.11.) liturgiset tekstit on tehty Jaakobin protoevankeliumin pohjalta. Nikodemuksen evankeliumi on suuren lauantain hymnien l\u00e4hde. <\/p>\n\n\n\n<p>7.9.2025<\/p>\n\n\n\n<figure class=\"wp-block-gallery has-nested-images columns-default is-cropped wp-block-gallery-1 is-layout-flex wp-block-gallery-is-layout-flex\">\n<figure class=\"wp-block-image size-large\"><img fetchpriority=\"high\" decoding=\"async\" width=\"1024\" height=\"869\" data-id=\"12523\" src=\"https:\/\/ort.fi\/kuopionjakarjalanhiippakunta\/wp-content\/uploads\/2025\/09\/Portaat-portti-ja-viisaus_1-1024x869.jpg\" alt=\"\" class=\"wp-image-12523\" srcset=\"https:\/\/ort.fi\/kuopionjakarjalanhiippakunta\/wp-content\/uploads\/2025\/09\/Portaat-portti-ja-viisaus_1-1024x869.jpg 1024w, https:\/\/ort.fi\/kuopionjakarjalanhiippakunta\/wp-content\/uploads\/2025\/09\/Portaat-portti-ja-viisaus_1-300x255.jpg 300w, https:\/\/ort.fi\/kuopionjakarjalanhiippakunta\/wp-content\/uploads\/2025\/09\/Portaat-portti-ja-viisaus_1-768x652.jpg 768w, https:\/\/ort.fi\/kuopionjakarjalanhiippakunta\/wp-content\/uploads\/2025\/09\/Portaat-portti-ja-viisaus_1-1536x1304.jpg 1536w, https:\/\/ort.fi\/kuopionjakarjalanhiippakunta\/wp-content\/uploads\/2025\/09\/Portaat-portti-ja-viisaus_1-2048x1738.jpg 2048w\" sizes=\"(max-width: 1024px) 100vw, 1024px\" \/><\/figure>\n\n\n\n<figure class=\"wp-block-image size-large\"><img decoding=\"async\" width=\"1024\" height=\"644\" data-id=\"12521\" src=\"https:\/\/ort.fi\/kuopionjakarjalanhiippakunta\/wp-content\/uploads\/2025\/09\/Portaat-portti-ja-viisaus_2-1024x644.jpg\" alt=\"\" class=\"wp-image-12521\" srcset=\"https:\/\/ort.fi\/kuopionjakarjalanhiippakunta\/wp-content\/uploads\/2025\/09\/Portaat-portti-ja-viisaus_2-1024x644.jpg 1024w, https:\/\/ort.fi\/kuopionjakarjalanhiippakunta\/wp-content\/uploads\/2025\/09\/Portaat-portti-ja-viisaus_2-300x189.jpg 300w, https:\/\/ort.fi\/kuopionjakarjalanhiippakunta\/wp-content\/uploads\/2025\/09\/Portaat-portti-ja-viisaus_2-768x483.jpg 768w, https:\/\/ort.fi\/kuopionjakarjalanhiippakunta\/wp-content\/uploads\/2025\/09\/Portaat-portti-ja-viisaus_2-1536x966.jpg 1536w, https:\/\/ort.fi\/kuopionjakarjalanhiippakunta\/wp-content\/uploads\/2025\/09\/Portaat-portti-ja-viisaus_2-2048x1289.jpg 2048w\" sizes=\"(max-width: 1024px) 100vw, 1024px\" \/><\/figure>\n\n\n\n<figure class=\"wp-block-image size-large\"><img decoding=\"async\" width=\"859\" height=\"1024\" data-id=\"12519\" src=\"https:\/\/ort.fi\/kuopionjakarjalanhiippakunta\/wp-content\/uploads\/2025\/09\/Portaat-portti-ja-viisaus_3-859x1024.jpg\" alt=\"\" class=\"wp-image-12519\" srcset=\"https:\/\/ort.fi\/kuopionjakarjalanhiippakunta\/wp-content\/uploads\/2025\/09\/Portaat-portti-ja-viisaus_3-859x1024.jpg 859w, https:\/\/ort.fi\/kuopionjakarjalanhiippakunta\/wp-content\/uploads\/2025\/09\/Portaat-portti-ja-viisaus_3-252x300.jpg 252w, https:\/\/ort.fi\/kuopionjakarjalanhiippakunta\/wp-content\/uploads\/2025\/09\/Portaat-portti-ja-viisaus_3-768x916.jpg 768w, https:\/\/ort.fi\/kuopionjakarjalanhiippakunta\/wp-content\/uploads\/2025\/09\/Portaat-portti-ja-viisaus_3-1288x1536.jpg 1288w, https:\/\/ort.fi\/kuopionjakarjalanhiippakunta\/wp-content\/uploads\/2025\/09\/Portaat-portti-ja-viisaus_3-1718x2048.jpg 1718w\" sizes=\"(max-width: 859px) 100vw, 859px\" \/><\/figure>\n\n\n\n<figure class=\"wp-block-image size-large\"><img loading=\"lazy\" decoding=\"async\" width=\"618\" height=\"1024\" data-id=\"12517\" src=\"https:\/\/ort.fi\/kuopionjakarjalanhiippakunta\/wp-content\/uploads\/2025\/09\/Portaat-portti-ja-viisaus_4-618x1024.jpg\" alt=\"\" class=\"wp-image-12517\" srcset=\"https:\/\/ort.fi\/kuopionjakarjalanhiippakunta\/wp-content\/uploads\/2025\/09\/Portaat-portti-ja-viisaus_4-618x1024.jpg 618w, https:\/\/ort.fi\/kuopionjakarjalanhiippakunta\/wp-content\/uploads\/2025\/09\/Portaat-portti-ja-viisaus_4-181x300.jpg 181w, https:\/\/ort.fi\/kuopionjakarjalanhiippakunta\/wp-content\/uploads\/2025\/09\/Portaat-portti-ja-viisaus_4-768x1272.jpg 768w, https:\/\/ort.fi\/kuopionjakarjalanhiippakunta\/wp-content\/uploads\/2025\/09\/Portaat-portti-ja-viisaus_4-927x1536.jpg 927w, https:\/\/ort.fi\/kuopionjakarjalanhiippakunta\/wp-content\/uploads\/2025\/09\/Portaat-portti-ja-viisaus_4-1237x2048.jpg 1237w, https:\/\/ort.fi\/kuopionjakarjalanhiippakunta\/wp-content\/uploads\/2025\/09\/Portaat-portti-ja-viisaus_4.jpg 1518w\" sizes=\"(max-width: 618px) 100vw, 618px\" \/><\/figure>\n<\/figure>\n","protected":false},"excerpt":{"rendered":"<p>Marian vanhempien Joakimin ja Annan kotitalon yhteyteen Jerusalemin Stefanoksen portille vihittiin vuonna 438 ensimm\u00e4inen kirkko Marian syntym\u00e4n kunniaksi. Nykyinen Marian syntym\u00e4juhlan kirkko samalle paikalle Jerusalemissa valmistui vuonna 1140. Kirkko on Jerusalemin patriarkan katedraali. Marian syntym\u00e4juhla 8. syyskuuta on kirkkovuoden ensimm\u00e4inen suuri juhla. Sill\u00e4 on p\u00e4iv\u00e4n mittainen esijuhla (7.9.) ja nelj\u00e4 p\u00e4iv\u00e4\u00e4 kest\u00e4v\u00e4 j\u00e4lkijuhla (9.\u201312.9.). Jumalansynnytt\u00e4j\u00e4n [&hellip;]<\/p>\n","protected":false},"author":7,"featured_media":12515,"comment_status":"closed","ping_status":"open","sticky":false,"template":"","format":"standard","meta":{"_eb_attr":"","footnotes":""},"categories":[43],"tags":[],"class_list":["post-12513","post","type-post","status-publish","format-standard","has-post-thumbnail","hentry","category-kirkkovuosi"],"_links":{"self":[{"href":"https:\/\/ort.fi\/kuopionjakarjalanhiippakunta\/wp-json\/wp\/v2\/posts\/12513","targetHints":{"allow":["GET"]}}],"collection":[{"href":"https:\/\/ort.fi\/kuopionjakarjalanhiippakunta\/wp-json\/wp\/v2\/posts"}],"about":[{"href":"https:\/\/ort.fi\/kuopionjakarjalanhiippakunta\/wp-json\/wp\/v2\/types\/post"}],"author":[{"embeddable":true,"href":"https:\/\/ort.fi\/kuopionjakarjalanhiippakunta\/wp-json\/wp\/v2\/users\/7"}],"replies":[{"embeddable":true,"href":"https:\/\/ort.fi\/kuopionjakarjalanhiippakunta\/wp-json\/wp\/v2\/comments?post=12513"}],"version-history":[{"count":2,"href":"https:\/\/ort.fi\/kuopionjakarjalanhiippakunta\/wp-json\/wp\/v2\/posts\/12513\/revisions"}],"predecessor-version":[{"id":12527,"href":"https:\/\/ort.fi\/kuopionjakarjalanhiippakunta\/wp-json\/wp\/v2\/posts\/12513\/revisions\/12527"}],"wp:featuredmedia":[{"embeddable":true,"href":"https:\/\/ort.fi\/kuopionjakarjalanhiippakunta\/wp-json\/wp\/v2\/media\/12515"}],"wp:attachment":[{"href":"https:\/\/ort.fi\/kuopionjakarjalanhiippakunta\/wp-json\/wp\/v2\/media?parent=12513"}],"wp:term":[{"taxonomy":"category","embeddable":true,"href":"https:\/\/ort.fi\/kuopionjakarjalanhiippakunta\/wp-json\/wp\/v2\/categories?post=12513"},{"taxonomy":"post_tag","embeddable":true,"href":"https:\/\/ort.fi\/kuopionjakarjalanhiippakunta\/wp-json\/wp\/v2\/tags?post=12513"}],"curies":[{"name":"wp","href":"https:\/\/api.w.org\/{rel}","templated":true}]}}